{"id":115284,"date":"2024-05-29T12:01:02","date_gmt":"2024-05-29T15:01:02","guid":{"rendered":"https:\/\/www.actualidadadiario.com\/?p=115284"},"modified":"2024-05-29T12:01:02","modified_gmt":"2024-05-29T15:01:02","slug":"kosovo-albergara-a-300-presos-daneses-preocupacion-en-organismos-de-derechos-humanos","status":"publish","type":"post","link":"https:\/\/www.actualidadadiario.com\/index.php\/2024\/05\/29\/kosovo-albergara-a-300-presos-daneses-preocupacion-en-organismos-de-derechos-humanos\/","title":{"rendered":"Kosovo albergar\u00e1 a 300 presos daneses: preocupaci\u00f3n en organismos de derechos humanos"},"content":{"rendered":"<p style=\"text-align: center;\"><em><strong>La naci\u00f3n balc\u00e1nica recibir\u00e1, a cambio, 210 millones de euros en los pr\u00f3ximos diez a\u00f1os<\/strong><\/em><\/p>\n<p>&nbsp;<\/p>\n<p>&nbsp;<\/p>\n<p>En una c\u00e1rcel del este de Kosovo se est\u00e1 planeando retirar a todos los reclusos nacionales y abrir el espacio a presos extranjeros que ser\u00e1n trasladados por v\u00eda a\u00e9rea desde Dinamarca, a m\u00e1s de 2.000 kil\u00f3metros de distancia.<\/p>\n<p>Se espera que Dinamarca env\u00ede 300 reclusos al pa\u00eds balc\u00e1nico, una novedad para Kosovo y una medida muy criticada por los expertos daneses en derechos humanos.<\/p>\n<p>El servicio penitenciario de Kosovo reconstruir\u00e1 la c\u00e1rcel de Gjilan durante los pr\u00f3ximos dos a\u00f1os para adaptarla a las normas danesas antes de recibir a los reclusos de pa\u00edses no pertenecientes a la Uni\u00f3n Europea, que deb\u00edan ser deportados desde Dinamarca una vez cumplidas sus condenas.<\/p>\n<p>La c\u00e1rcel, de ocho a\u00f1os de antig\u00fcedad, no suscita en s\u00ed misma problemas de derechos humanos, pero s\u00ed la decisi\u00f3n de alojar a los reclusos en Kosovo, afirm\u00f3 Therese Rytter, directora jur\u00eddica de Dignity, organizaci\u00f3n danesa de derechos humanos.<\/p>\n<p>&#8220;Ha habido denuncias cre\u00edbles de abusos en el pasado&#8221;, dijo Rytter. &#8220;Eso no significa que vaya a ocurrir (en Kosovo), pero sin duda hay un mayor riesgo en comparaci\u00f3n con si hubieran estado en una prisi\u00f3n danesa&#8221;, dijo.<\/p>\n<p>El Departamento de Estado de Estados Unidos se\u00f1al\u00f3 en su informe sobre el pa\u00eds de 2023 que, aunque las prisiones de Kosovo cumpl\u00edan algunas normas internacionales, persist\u00edan la violencia entre los presos, la corrupci\u00f3n y el tratamiento inadecuado de los reclusos con discapacidad mental.<\/p>\n<p>El Comit\u00e9 de la ONU contra la Tortura se\u00f1al\u00f3 en un informe de diciembre de 2023 que le preocupaba el acceso de los reclusos a la atenci\u00f3n m\u00e9dica y a las visitas familiares.<\/p>\n<p>El Parlamento de Kosovo aprob\u00f3 el jueves pasado el acuerdo, que seg\u00fan Dinamarca, un rico pa\u00eds n\u00f3rdico, le ayudar\u00e1 a hacer frente al hacinamiento en las c\u00e1rceles y a la escasez de guardias penitenciarios.<\/p>\n<p>A cambio, Kosovo, uno de los pa\u00edses m\u00e1s pobres de Europa, recibir\u00e1 210 millones de euros (228 millones de d\u00f3lares) en los pr\u00f3ximos 10 a\u00f1os.<\/p>\n<p>Ninguna persona condenada por terrorismo o a cadena perpetua ser\u00e1 trasladada a Gjilan, seg\u00fan el Ministerio de Justicia dan\u00e9s e Ismail Dibrani, jefe de prisiones de Kosovo.<\/p>\n<p>&#8220;Los individuos que llegar\u00e1n son f\u00e1cilmente manejables desde nuestro sistema&#8221;, dijo Dibrani.<\/p>\n<p>No se confirm\u00f3 el sexo de los reclusos.<\/p>\n<p>Un director de prisiones dan\u00e9s codirigir\u00e1 las instalaciones con un director local, mientras que todos los guardias ser\u00e1n locales.<\/p>\n<p>Los guardias penitenciarios kosovares recibir\u00e1n formaci\u00f3n de las autoridades danesas para garantizar que el trato a los reclusos cumple las normas danesas e internacionales de derechos humanos, seg\u00fan el Ministerio de Justicia dan\u00e9s.<\/p>\n<p>Pero los expertos daneses en derechos humanos no est\u00e1n convencidos.<\/p>\n<p>&#8220;Un curso de dos meses no cambia el comportamiento&#8221;, dijo Rytter.<\/p>\n<p>Rinor Behluli, que vive cerca de la prisi\u00f3n, en el pueblo de Pasjak, dijo que no le importa de d\u00f3nde vengan los presos.<\/p>\n<p>&#8220;Sean de Dinamarca, Inglaterra o cualquier otro lugar, son personas encarceladas&#8221;, afirm\u00f3.<\/p>\n<p>Est\u00e1 previsto que los primeros reclusos sean trasladados entre 21 y 25 meses despu\u00e9s de que comience la reconstrucci\u00f3n de la prisi\u00f3n, que se espera para dentro de unas semanas, seg\u00fan el Ministerio de Justicia dan\u00e9s.<\/p>\n","protected":false},"excerpt":{"rendered":"<p>La naci\u00f3n balc\u00e1nica recibir\u00e1, a cambio, 210 millones de euros en los pr\u00f3ximos diez a\u00f1os &nbsp; &nbsp; En una c\u00e1rcel del este de Kosovo se est\u00e1 planeando retirar a todos los reclusos nacionales y abrir el espacio a presos extranjeros que ser\u00e1n trasladados por v\u00eda a\u00e9rea desde Dinamarca, a m\u00e1s de 2.000 kil\u00f3metros de distancia. Se espera que Dinamarca env\u00ede 300 reclusos al pa\u00eds balc\u00e1nico, una novedad para Kosovo y una medida muy criticada por los expertos daneses en derechos humanos. El servicio penitenciario de Kosovo reconstruir\u00e1 la c\u00e1rcel de&#8230;<\/p>\n","protected":false},"author":3,"featured_media":115285,"comment_status":"closed","ping_status":"closed","sticky":false,"template":"","format":"standard","meta":[],"categories":[4],"tags":[],"_links":{"self":[{"href":"https:\/\/www.actualidadadiario.com\/index.php\/wp-json\/wp\/v2\/posts\/115284"}],"collection":[{"href":"https:\/\/www.actualidadadiario.com\/index.php\/wp-json\/wp\/v2\/posts"}],"about":[{"href":"https:\/\/www.actualidadadiario.com\/index.php\/wp-json\/wp\/v2\/types\/post"}],"author":[{"embeddable":true,"href":"https:\/\/www.actualidadadiario.com\/index.php\/wp-json\/wp\/v2\/users\/3"}],"replies":[{"embeddable":true,"href":"https:\/\/www.actualidadadiario.com\/index.php\/wp-json\/wp\/v2\/comments?post=115284"}],"version-history":[{"count":1,"href":"https:\/\/www.actualidadadiario.com\/index.php\/wp-json\/wp\/v2\/posts\/115284\/revisions"}],"predecessor-version":[{"id":115286,"href":"https:\/\/www.actualidadadiario.com\/index.php\/wp-json\/wp\/v2\/posts\/115284\/revisions\/115286"}],"wp:featuredmedia":[{"embeddable":true,"href":"https:\/\/www.actualidadadiario.com\/index.php\/wp-json\/wp\/v2\/media\/115285"}],"wp:attachment":[{"href":"https:\/\/www.actualidadadiario.com\/index.php\/wp-json\/wp\/v2\/media?parent=115284"}],"wp:term":[{"taxonomy":"category","embeddable":true,"href":"https:\/\/www.actualidadadiario.com\/index.php\/wp-json\/wp\/v2\/categories?post=115284"},{"taxonomy":"post_tag","embeddable":true,"href":"https:\/\/www.actualidadadiario.com\/index.php\/wp-json\/wp\/v2\/tags?post=115284"}],"curies":[{"name":"wp","href":"https:\/\/api.w.org\/{rel}","templated":true}]}}