{"id":115278,"date":"2024-05-29T11:58:35","date_gmt":"2024-05-29T14:58:35","guid":{"rendered":"https:\/\/www.actualidadadiario.com\/?p=115278"},"modified":"2024-05-29T11:58:35","modified_gmt":"2024-05-29T14:58:35","slug":"quien-es-y-que-piensa-claudia-sheinbaum-la-potencial-sucesora-de-amlo-en-mexico","status":"publish","type":"post","link":"https:\/\/www.actualidadadiario.com\/index.php\/2024\/05\/29\/quien-es-y-que-piensa-claudia-sheinbaum-la-potencial-sucesora-de-amlo-en-mexico\/","title":{"rendered":"Qui\u00e9n es y qu\u00e9 piensa Claudia Sheinbaum, la potencial sucesora de AMLO en M\u00e9xico"},"content":{"rendered":"<p style=\"text-align: center;\"><em><strong>F\u00edsica de profesi\u00f3n, representa al partido gobernante, MORENA<\/strong><\/em><\/p>\n<p>&nbsp;<\/p>\n<p>&nbsp;<\/p>\n<p>M\u00e9xico celebrar\u00e1 elecciones el pr\u00f3ximo domingo 2 de junio y la exalcaldesa de la ciudad Capital del pa\u00eds, Claudia Sheinbaum, pica en punta para suceder al actual presidente, Andr\u00e9s Manuel L\u00f3pez Obrador (AMLO).<\/p>\n<p>F\u00edsica de profesi\u00f3n, mantiene algunas diferencias con el actual primer mandatario, en temas clave como el ambiental o el energ\u00e9tico, la seguridad y hasta la corrupci\u00f3n.<\/p>\n<p>&#8220;Ellos tienen una relaci\u00f3n de colaboraci\u00f3n, no es de sumisi\u00f3n&#8221;, enfatiz\u00f3 una persona de su equipo, quien habl\u00f3 bajo condici\u00f3n de anonimato para un informe de la agencia de noticias Reuters.<\/p>\n<p>Y a\u00f1adi\u00f3 que &#8220;es muy injusto cuando dicen que ser\u00e1 una marioneta porque en cinco a\u00f1os gobernando Ciudad de M\u00e9xico ella hizo cosas totalmente distintas que el Presidente&#8221;.<\/p>\n","protected":false},"excerpt":{"rendered":"<p>F\u00edsica de profesi\u00f3n, representa al partido gobernante, MORENA &nbsp; &nbsp; M\u00e9xico celebrar\u00e1 elecciones el pr\u00f3ximo domingo 2 de junio y la exalcaldesa de la ciudad Capital del pa\u00eds, Claudia Sheinbaum, pica en punta para suceder al actual presidente, Andr\u00e9s Manuel L\u00f3pez Obrador (AMLO). F\u00edsica de profesi\u00f3n, mantiene algunas diferencias con el actual primer mandatario, en temas clave como el ambiental o el energ\u00e9tico, la seguridad y hasta la corrupci\u00f3n. &#8220;Ellos tienen una relaci\u00f3n de colaboraci\u00f3n, no es de sumisi\u00f3n&#8221;, enfatiz\u00f3 una persona de su equipo, quien habl\u00f3 bajo condici\u00f3n de&#8230;<\/p>\n","protected":false},"author":3,"featured_media":115279,"comment_status":"closed","ping_status":"closed","sticky":false,"template":"","format":"standard","meta":[],"categories":[4],"tags":[],"_links":{"self":[{"href":"https:\/\/www.actualidadadiario.com\/index.php\/wp-json\/wp\/v2\/posts\/115278"}],"collection":[{"href":"https:\/\/www.actualidadadiario.com\/index.php\/wp-json\/wp\/v2\/posts"}],"about":[{"href":"https:\/\/www.actualidadadiario.com\/index.php\/wp-json\/wp\/v2\/types\/post"}],"author":[{"embeddable":true,"href":"https:\/\/www.actualidadadiario.com\/index.php\/wp-json\/wp\/v2\/users\/3"}],"replies":[{"embeddable":true,"href":"https:\/\/www.actualidadadiario.com\/index.php\/wp-json\/wp\/v2\/comments?post=115278"}],"version-history":[{"count":1,"href":"https:\/\/www.actualidadadiario.com\/index.php\/wp-json\/wp\/v2\/posts\/115278\/revisions"}],"predecessor-version":[{"id":115280,"href":"https:\/\/www.actualidadadiario.com\/index.php\/wp-json\/wp\/v2\/posts\/115278\/revisions\/115280"}],"wp:featuredmedia":[{"embeddable":true,"href":"https:\/\/www.actualidadadiario.com\/index.php\/wp-json\/wp\/v2\/media\/115279"}],"wp:attachment":[{"href":"https:\/\/www.actualidadadiario.com\/index.php\/wp-json\/wp\/v2\/media?parent=115278"}],"wp:term":[{"taxonomy":"category","embeddable":true,"href":"https:\/\/www.actualidadadiario.com\/index.php\/wp-json\/wp\/v2\/categories?post=115278"},{"taxonomy":"post_tag","embeddable":true,"href":"https:\/\/www.actualidadadiario.com\/index.php\/wp-json\/wp\/v2\/tags?post=115278"}],"curies":[{"name":"wp","href":"https:\/\/api.w.org\/{rel}","templated":true}]}}