{"id":115275,"date":"2024-05-29T11:10:24","date_gmt":"2024-05-29T14:10:24","guid":{"rendered":"https:\/\/www.actualidadadiario.com\/?p=115275"},"modified":"2024-05-29T11:10:24","modified_gmt":"2024-05-29T14:10:24","slug":"en-el-gobierno-ahora-hablan-de-las-salidas-de-mondino-y-cuneo-libarona","status":"publish","type":"post","link":"https:\/\/www.actualidadadiario.com\/index.php\/2024\/05\/29\/en-el-gobierno-ahora-hablan-de-las-salidas-de-mondino-y-cuneo-libarona\/","title":{"rendered":"En el gobierno ahora hablan de las salidas de Mondino y C\u00faneo Libarona"},"content":{"rendered":"<p style=\"text-align: center;\"><em><strong>El ministro est\u00e1 enfrentado a Santiago Caputo por las designaciones de jueces. La canciller lleg\u00f3 al gabinete por Posse y le recriminan la falta de avances con China<\/strong><\/em><\/p>\n<p>&nbsp;<\/p>\n<p>&nbsp;<\/p>\n<p>La salida de Nicol\u00e1s Posse no ser\u00eda la \u00fanica del gabinete y por estas horas los m\u00e1s mencionados para dejar el gobierno son Diana Mondino y Mariano C\u00faneo Libarona.<\/p>\n<p>La canciller lleg\u00f3 al gabinete de Javier Milei de la mano de Posse y eso autom\u00e1ticamente la pone en la cuerda floja, como a todos los funcionarios que meti\u00f3 el ex jefe de gabinete. Pero en el gobierno adem\u00e1s crecen los cuestionamientos hacia Mondino porque no logr\u00f3 ning\u00fan avance con China en la negociaci\u00f3n por el swap, una espada de Damocles sobre el programa econ\u00f3mico.<\/p>\n<p>Es que si el Gobierno no logra la renovaci\u00f3n del swap, en los pr\u00f3ximos dos meses deber\u00e1 afrontar una deuda de unos 5 mil millones de d\u00f3lares lo que detonar\u00eda toda la acumulaci\u00f3n de reservas. Mondino viaj\u00f3 el mes pasado a China con el presidente del Banco Central, Santiago Bausili, pero no logr\u00f3 que el gobierno de Xi Jinping le renueve el pr\u00e9stamo.<\/p>\n<p>Mondino tambi\u00e9n qued\u00f3 herida por el esc\u00e1ndalo con el funcionario de Canciller\u00eda que quiso favorecer la pesca ilegal y que es mencionado como su &#8220;sobrino del coraz\u00f3n&#8221;. El involucrado Pablo Ferrara renunci\u00f3, pero a la canciller le siguen pasando facturas. La jefa de la diplomacia tambi\u00e9n recibi\u00f3 reproches internos por el manejo de la crisis con Colombia.<\/p>\n<p>La salida de Mondino es dada como un hecho en el Palacio San Mart\u00edn. Como revel\u00f3 LPO, sus funcionarios m\u00e1s cercanos est\u00e1n tratando de conseguir el pase a alguna embajada para que no los arrastre su eventual ca\u00edda. En el gobierno afirman que su \u00faltima aparici\u00f3n en el programa de Mirtha Legrand termin\u00f3 de derrumbar su reputaci\u00f3n y ahora le buscar\u00edan una salida elegante, posiblemente para fin de a\u00f1o. Una posibilidad es que sea candidata en C\u00f3rdoba.<\/p>\n<p>En el caso de C\u00faneo Libarona, lo que empujar\u00eda su salida del gobierno es una feroz interna con Santiago Caputo. El asesor presidencial controla la cartera a trav\u00e9s del Secretario de Justicia, Sebasti\u00e1n Amerio, quien se mueve con independencia del ministro.<\/p>\n<p>C\u00faneo entr\u00f3 en conflicto con su vice y en la Casa Rosada le reprochan que pis\u00f3 el env\u00edo de pliegos de jueces federales, un bloqueo que Amerio intent\u00f3 eludir a trav\u00e9s de una jugada con Rosatti en el Consejo de la Magistratura.<\/p>\n<p>En la oficina de Karina Milei creen que C\u00faneo pis\u00f3 los pliegos porque responde a otros intereses que no son los del gobierno. Concretamente, sospechan que el ministro jug\u00f3 en consonancia con destacados operadores judiciales que cuestionan la l\u00ednea del Gobierno en la designaci\u00f3n de Lijo para la Corte. El rumor es que Amerio podr\u00eda ascender a ministro si se concreta la ca\u00edda de C\u00faneo. A C\u00faneo lo acusan de ir a Tribunales a pedir por las causas que lleva su estudio de abogados y no las del gobierno.<\/p>\n","protected":false},"excerpt":{"rendered":"<p>El ministro est\u00e1 enfrentado a Santiago Caputo por las designaciones de jueces. La canciller lleg\u00f3 al gabinete por Posse y le recriminan la falta de avances con China &nbsp; &nbsp; La salida de Nicol\u00e1s Posse no ser\u00eda la \u00fanica del gabinete y por estas horas los m\u00e1s mencionados para dejar el gobierno son Diana Mondino y Mariano C\u00faneo Libarona. La canciller lleg\u00f3 al gabinete de Javier Milei de la mano de Posse y eso autom\u00e1ticamente la pone en la cuerda floja, como a todos los funcionarios que meti\u00f3 el ex&#8230;<\/p>\n","protected":false},"author":3,"featured_media":115276,"comment_status":"closed","ping_status":"closed","sticky":false,"template":"","format":"standard","meta":[],"categories":[18],"tags":[],"_links":{"self":[{"href":"https:\/\/www.actualidadadiario.com\/index.php\/wp-json\/wp\/v2\/posts\/115275"}],"collection":[{"href":"https:\/\/www.actualidadadiario.com\/index.php\/wp-json\/wp\/v2\/posts"}],"about":[{"href":"https:\/\/www.actualidadadiario.com\/index.php\/wp-json\/wp\/v2\/types\/post"}],"author":[{"embeddable":true,"href":"https:\/\/www.actualidadadiario.com\/index.php\/wp-json\/wp\/v2\/users\/3"}],"replies":[{"embeddable":true,"href":"https:\/\/www.actualidadadiario.com\/index.php\/wp-json\/wp\/v2\/comments?post=115275"}],"version-history":[{"count":1,"href":"https:\/\/www.actualidadadiario.com\/index.php\/wp-json\/wp\/v2\/posts\/115275\/revisions"}],"predecessor-version":[{"id":115277,"href":"https:\/\/www.actualidadadiario.com\/index.php\/wp-json\/wp\/v2\/posts\/115275\/revisions\/115277"}],"wp:featuredmedia":[{"embeddable":true,"href":"https:\/\/www.actualidadadiario.com\/index.php\/wp-json\/wp\/v2\/media\/115276"}],"wp:attachment":[{"href":"https:\/\/www.actualidadadiario.com\/index.php\/wp-json\/wp\/v2\/media?parent=115275"}],"wp:term":[{"taxonomy":"category","embeddable":true,"href":"https:\/\/www.actualidadadiario.com\/index.php\/wp-json\/wp\/v2\/categories?post=115275"},{"taxonomy":"post_tag","embeddable":true,"href":"https:\/\/www.actualidadadiario.com\/index.php\/wp-json\/wp\/v2\/tags?post=115275"}],"curies":[{"name":"wp","href":"https:\/\/api.w.org\/{rel}","templated":true}]}}