{"id":115272,"date":"2024-05-29T11:09:10","date_gmt":"2024-05-29T14:09:10","guid":{"rendered":"https:\/\/www.actualidadadiario.com\/?p=115272"},"modified":"2024-05-29T11:09:10","modified_gmt":"2024-05-29T14:09:10","slug":"milei-volvio-a-criticar-a-pedro-sanchez-y-lo-acuso-de-financiar-la-defensa-de-begona-con-fondos-del-estado","status":"publish","type":"post","link":"https:\/\/www.actualidadadiario.com\/index.php\/2024\/05\/29\/milei-volvio-a-criticar-a-pedro-sanchez-y-lo-acuso-de-financiar-la-defensa-de-begona-con-fondos-del-estado\/","title":{"rendered":"Milei volvi\u00f3 a criticar a Pedro S\u00e1nchez y lo acus\u00f3 de financiar la defensa de Bego\u00f1a con fondos del Estado"},"content":{"rendered":"<p style=\"text-align: center;\"><em><strong>Desde su gira en Estados Unidos, el mandatario libertario volvi\u00f3 al cruce contra su par espa\u00f1ol. &#8220;Me qued\u00e9 corto con &#8216;m\u00e1s sucio que una papa'&#8221;, asegur\u00f3 a trav\u00e9s de su cuenta oficial en la plataforma X (ex Twitter)<\/strong><\/em><\/p>\n<p>&nbsp;<\/p>\n<p>&nbsp;<\/p>\n<p>El presidente Javier Milei critic\u00f3 nuevamente a su par de Espa\u00f1a Pedro S\u00e1nchez y lo acus\u00f3 de financiar con fondos del Estado la defensa de su esposa en la denuncia por corrupci\u00f3n: Me qued\u00e9 corto con &#8216;m\u00e1s sucio que una papa'&#8221;.<\/p>\n<p>El mandatario libertario, quien se encuentra en una nueva gira por Estados Unidos, cit\u00f3 un tweet a trav\u00e9s de su cuenta oficial en la plataforma X (ex Twitter) donde se acusa al Partido Socialista Obrero Espa\u00f1ol (PSOE) de pagar la defensa de Bego\u00f1a G\u00f3mez &#8220;con dinero de los espa\u00f1oles&#8221;:<\/p>\n<p>&#8220;El PSOE pag\u00f3 la defensa de Bego\u00f1a G\u00f3mez con dinero de los espa\u00f1oles contratando al ex ministro socialista y abogado, Antonio Camacho. Un partido del Gobierno dedicando fondos a una ciudadana particular. Est\u00e1n hasta el tu\u00e9tano&#8221;.<\/p>\n<p>Milei comparti\u00f3 la acusaci\u00f3n y agreg\u00f3: &#8220;TSUNAMI DE CHANES&#8230; Me qued\u00e9 corto con &#8216;m\u00e1s sucio que una papa&#8217;&#8230; estos socialistas parece que no s\u00f3lo hacen mal las cuentas que son imposibles de hacer, sino que ni las propias&#8230;&#8221;.<\/p>\n<p>Las acusaciones sobre Pedro S\u00e1nchez y su esposa surgen despu\u00e9s de que a fines de abril, un juzgado de Madrid hiciera oficial que investigar\u00e1 una denuncia por tr\u00e1fico de influencias y corrupci\u00f3n en los negocios contra Bego\u00f1a G\u00f3mez, la cual fue presentada por la organizaci\u00f3n Manos Limpias.<\/p>\n<p>&nbsp;<\/p>\n<p><strong>C\u00f3mo sigue la agenda de Javier Milei en EEUU<\/strong><\/p>\n<p>En el segundo d\u00eda de la gira por el pa\u00eds del norte, el Presidente tendr\u00e1 el siguiente itinerario de actividades, seg\u00fan inform\u00f3 Presidencia:<\/p>\n<ul>\n<li>13:30 (hora argentina) Javier Milei disertar\u00e1 durante 45 minutos en la Instituci\u00f3n Hoover de la Universidad de Stanford.<\/li>\n<li>14:15: Reuni\u00f3n con el Rector de la Universidad de Stanford, Richard Saller, y con la Directora de la Instituci\u00f3n Hoover, Condolezza Rice.<\/li>\n<li>14:30: Encuentro con profesores y expertos en pol\u00edtica econ\u00f3mica de la Instituci\u00f3n Hoover.<\/li>\n<li>15:30: Reuni\u00f3n con el CEO de Google, Sundar Pichai.<\/li>\n<li>18:00: Reuni\u00f3n con el Director Ejecutivo de Apple, Timothy Cook.<\/li>\n<li>18:30: Encuentro con 30 empresarios e inversores ligados a la Inteligencia Artificial.<\/li>\n<\/ul>\n","protected":false},"excerpt":{"rendered":"<p>Desde su gira en Estados Unidos, el mandatario libertario volvi\u00f3 al cruce contra su par espa\u00f1ol. &#8220;Me qued\u00e9 corto con &#8216;m\u00e1s sucio que una papa&#8217;&#8221;, asegur\u00f3 a trav\u00e9s de su cuenta oficial en la plataforma X (ex Twitter) &nbsp; &nbsp; El presidente Javier Milei critic\u00f3 nuevamente a su par de Espa\u00f1a Pedro S\u00e1nchez y lo acus\u00f3 de financiar con fondos del Estado la defensa de su esposa en la denuncia por corrupci\u00f3n: Me qued\u00e9 corto con &#8216;m\u00e1s sucio que una papa&#8217;&#8221;. El mandatario libertario, quien se encuentra en una nueva&#8230;<\/p>\n","protected":false},"author":3,"featured_media":115273,"comment_status":"closed","ping_status":"closed","sticky":false,"template":"","format":"standard","meta":[],"categories":[18],"tags":[],"_links":{"self":[{"href":"https:\/\/www.actualidadadiario.com\/index.php\/wp-json\/wp\/v2\/posts\/115272"}],"collection":[{"href":"https:\/\/www.actualidadadiario.com\/index.php\/wp-json\/wp\/v2\/posts"}],"about":[{"href":"https:\/\/www.actualidadadiario.com\/index.php\/wp-json\/wp\/v2\/types\/post"}],"author":[{"embeddable":true,"href":"https:\/\/www.actualidadadiario.com\/index.php\/wp-json\/wp\/v2\/users\/3"}],"replies":[{"embeddable":true,"href":"https:\/\/www.actualidadadiario.com\/index.php\/wp-json\/wp\/v2\/comments?post=115272"}],"version-history":[{"count":1,"href":"https:\/\/www.actualidadadiario.com\/index.php\/wp-json\/wp\/v2\/posts\/115272\/revisions"}],"predecessor-version":[{"id":115274,"href":"https:\/\/www.actualidadadiario.com\/index.php\/wp-json\/wp\/v2\/posts\/115272\/revisions\/115274"}],"wp:featuredmedia":[{"embeddable":true,"href":"https:\/\/www.actualidadadiario.com\/index.php\/wp-json\/wp\/v2\/media\/115273"}],"wp:attachment":[{"href":"https:\/\/www.actualidadadiario.com\/index.php\/wp-json\/wp\/v2\/media?parent=115272"}],"wp:term":[{"taxonomy":"category","embeddable":true,"href":"https:\/\/www.actualidadadiario.com\/index.php\/wp-json\/wp\/v2\/categories?post=115272"},{"taxonomy":"post_tag","embeddable":true,"href":"https:\/\/www.actualidadadiario.com\/index.php\/wp-json\/wp\/v2\/tags?post=115272"}],"curies":[{"name":"wp","href":"https:\/\/api.w.org\/{rel}","templated":true}]}}