{"id":115266,"date":"2024-05-29T11:06:44","date_gmt":"2024-05-29T14:06:44","guid":{"rendered":"https:\/\/www.actualidadadiario.com\/?p=115266"},"modified":"2024-05-29T11:06:44","modified_gmt":"2024-05-29T14:06:44","slug":"bullrich-acuso-a-ritondo-de-hacer-un-golpe-de-estado-en-el-pro-y-arde-la-interna","status":"publish","type":"post","link":"https:\/\/www.actualidadadiario.com\/index.php\/2024\/05\/29\/bullrich-acuso-a-ritondo-de-hacer-un-golpe-de-estado-en-el-pro-y-arde-la-interna\/","title":{"rendered":"Bullrich acus\u00f3 a Ritondo de hacer \u201cun golpe de Estado\u201d en el PRO y arde la interna"},"content":{"rendered":"<p style=\"text-align: center;\"><em><strong>La ministra de Seguridad se mostr\u00f3 molesta por la renuncia masiva de dirigentes. &#8220;Sacaron un partido que ten\u00eda plena institucionalidad hasta 2026 y lo vaciaron\u201d. Qu\u00e9 respondi\u00f3 el diputado<\/strong><\/em><\/p>\n<p>&nbsp;<\/p>\n<p>&nbsp;<\/p>\n<p>La ministra de Seguridad, Patricia Bullrich, acus\u00f3 anoche al diputado Cristian Ritondo de hacer un \u201cgolpe de Estado\u201d en medio de la renuncia masiva de dirigentes del Pro y hasta sugiri\u00f3 que la ruptura y conformaci\u00f3n del nuevo bloque \u201cPro Libertad\u201d fue por una estrategia de Mauricio Macri.<\/p>\n<p>La funcionaria de Javier Milei pidi\u00f3 que todos tiren para el mismo lado porque si no \u201cvuelven los de siempre\u201d. A los pocos minutos, el legislador le respondi\u00f3 en su cuenta de X: \u201cSiendo polit\u00f3loga me extra\u00f1a\u201d.<\/p>\n<p>\u201cEl bloque Pro Libertad es un grupo de diputados de la provincia que, frente a una situaci\u00f3n que tuvieron la semana pasada, donde sufrieron una especie de golpe de Estado por parte de dirigentes de la provincia de Buenos Aires, decidieron reagruparse&#8230; Creo que Ritondo estuvo en el tema. Sacaron un partido que ten\u00eda plena institucionalidad hasta 2026 y lo vaciaron\u201d, lanz\u00f3 Bullrich.<\/p>\n<p>\u201cSi tengo mandatado hasta 2026 y me renuncia toda la gente para adelantar las elecciones, eso se llama golpe de Estado. Como los quisieron echar, los legisladores se agruparon\u201d, agreg\u00f3.<\/p>\n<p>Consultada sobre si hubo interferencia de Mauricio Macri, consider\u00f3: \u201cNo lo s\u00e9\u201d. \u201cEs un caso de la provincia que hay que discutirlo entre los dirigentes de esa provincia\u201d, explic\u00f3.<\/p>\n<p>En otro tramo de la nota a TN, Bullrich analiz\u00f3 el cambio de rol de Guillermo Francos. Dijo que el exministro del Interior y ahora jefe de Gabinete lleg\u00f3 para agilizar algunos procesos, como la Ley Bases, entre otras cosas.<\/p>\n","protected":false},"excerpt":{"rendered":"<p>La ministra de Seguridad se mostr\u00f3 molesta por la renuncia masiva de dirigentes. &#8220;Sacaron un partido que ten\u00eda plena institucionalidad hasta 2026 y lo vaciaron\u201d. Qu\u00e9 respondi\u00f3 el diputado &nbsp; &nbsp; La ministra de Seguridad, Patricia Bullrich, acus\u00f3 anoche al diputado Cristian Ritondo de hacer un \u201cgolpe de Estado\u201d en medio de la renuncia masiva de dirigentes del Pro y hasta sugiri\u00f3 que la ruptura y conformaci\u00f3n del nuevo bloque \u201cPro Libertad\u201d fue por una estrategia de Mauricio Macri. La funcionaria de Javier Milei pidi\u00f3 que todos tiren para el&#8230;<\/p>\n","protected":false},"author":3,"featured_media":115267,"comment_status":"closed","ping_status":"closed","sticky":false,"template":"","format":"standard","meta":[],"categories":[18],"tags":[],"_links":{"self":[{"href":"https:\/\/www.actualidadadiario.com\/index.php\/wp-json\/wp\/v2\/posts\/115266"}],"collection":[{"href":"https:\/\/www.actualidadadiario.com\/index.php\/wp-json\/wp\/v2\/posts"}],"about":[{"href":"https:\/\/www.actualidadadiario.com\/index.php\/wp-json\/wp\/v2\/types\/post"}],"author":[{"embeddable":true,"href":"https:\/\/www.actualidadadiario.com\/index.php\/wp-json\/wp\/v2\/users\/3"}],"replies":[{"embeddable":true,"href":"https:\/\/www.actualidadadiario.com\/index.php\/wp-json\/wp\/v2\/comments?post=115266"}],"version-history":[{"count":1,"href":"https:\/\/www.actualidadadiario.com\/index.php\/wp-json\/wp\/v2\/posts\/115266\/revisions"}],"predecessor-version":[{"id":115268,"href":"https:\/\/www.actualidadadiario.com\/index.php\/wp-json\/wp\/v2\/posts\/115266\/revisions\/115268"}],"wp:featuredmedia":[{"embeddable":true,"href":"https:\/\/www.actualidadadiario.com\/index.php\/wp-json\/wp\/v2\/media\/115267"}],"wp:attachment":[{"href":"https:\/\/www.actualidadadiario.com\/index.php\/wp-json\/wp\/v2\/media?parent=115266"}],"wp:term":[{"taxonomy":"category","embeddable":true,"href":"https:\/\/www.actualidadadiario.com\/index.php\/wp-json\/wp\/v2\/categories?post=115266"},{"taxonomy":"post_tag","embeddable":true,"href":"https:\/\/www.actualidadadiario.com\/index.php\/wp-json\/wp\/v2\/tags?post=115266"}],"curies":[{"name":"wp","href":"https:\/\/api.w.org\/{rel}","templated":true}]}}