{"id":115263,"date":"2024-05-29T10:52:52","date_gmt":"2024-05-29T13:52:52","guid":{"rendered":"https:\/\/www.actualidadadiario.com\/?p=115263"},"modified":"2024-05-29T10:52:52","modified_gmt":"2024-05-29T13:52:52","slug":"docentes-universitarios-llamaron-a-un-paro-nacional-por-48-horas","status":"publish","type":"post","link":"https:\/\/www.actualidadadiario.com\/index.php\/2024\/05\/29\/docentes-universitarios-llamaron-a-un-paro-nacional-por-48-horas\/","title":{"rendered":"Docentes universitarios llamaron a un paro nacional por 48 horas"},"content":{"rendered":"<p style=\"text-align: center;\"><em><strong>Se debe a la falta de respuestas al reclamo de ajuste salarial que exigen al gobierno nacional. Desde el Frente Sindical, explicaron que no hubo acuerdo en la paritaria<\/strong><\/em><\/p>\n<p>&nbsp;<\/p>\n<p>&nbsp;<\/p>\n<p>Docentes universitarios convocaron a un paro por 48 horas en todo el pa\u00eds debido a la falta de respuestas, por parte del gobierno que conduce Javier Milei, al reclamo salarial que exigen los profesionales.<\/p>\n<p>Desde el Frente Sindical informaron que no se lleg\u00f3 a un acuerdo en la reuni\u00f3n paritaria que retomaron los representantes de docentes de universidades con la ministra de Capital Humano, Sandra Pettovello, y el Subsecretario de Pol\u00edticas Universitarias, Alejandro \u00c1lvarez.<\/p>\n<p>&#8220;En esta nueva reuni\u00f3n, el Gobierno no realiz\u00f3 ninguna propuesta concreta que diera respuesta a la p\u00e9rdida salarial que mantiene a m\u00e1s de la mitad de trabajadoras y trabajadores docentes y no docentes por debajo de la l\u00ednea de pobreza&#8221;, explicaron.<\/p>\n<p>Asimismo, desde la Federaci\u00f3n Nacional de Docentes Universitarios (Conadu) informaron que &#8220;la p\u00e9rdida de poder adquisitivo de los salarios, con la inflaci\u00f3n acumulada del 8,8 % en el mes de abril, se ha agudizado y la Secretar\u00eda de Educaci\u00f3n no convoc\u00f3 a reuni\u00f3n paritaria para resolver el incremento porcentual para el mes de mayo, no present\u00f3 una propuesta de recuperaci\u00f3n de la p\u00e9rdida salarial acumulada desde el mes de diciembre, no increment\u00f3 la garant\u00eda salarial para los cargos de menores ingresos y no pag\u00f3 el FONID. Por esa raz\u00f3n convocamos a 48 horas de protesta para los d\u00edas 22 y 23: 24 horas de visibilizaci\u00f3n del conflicto y 24 horas de paro sin concurrencias a los lugares de trabajo&#8221;.<\/p>\n<p>&#8220;La propuesta realizada por el Gobierno Nacional para resolver la situaci\u00f3n presupuestaria cr\u00edtica de la Universidad de Buenos Aires (UBA) muestra que la contundencia de la marcha del 23 cambi\u00f3 las condiciones de negociaci\u00f3n. Ahora falta el presupuesto de todas las universidades del pa\u00eds, el salario de docentes y no docentes y las becas para que las y los estudiantes puedan ingresar, permanecer y graduarse. No podemos esperar m\u00e1s&#8221;, agregaron.<\/p>\n<p>&#8220;El Frente Sindical de Universidades Nacionales considera que la situaci\u00f3n cr\u00edtica de la Universidad P\u00fablica se debe resolver integralmente: presupuesto para funcionar, becas para estudiar y salarios dignos para sus trabajadoras y trabajadores docentes y no docentes&#8221;, cierra el comunicado con la convocatoria.<\/p>\n","protected":false},"excerpt":{"rendered":"<p>Se debe a la falta de respuestas al reclamo de ajuste salarial que exigen al gobierno nacional. Desde el Frente Sindical, explicaron que no hubo acuerdo en la paritaria &nbsp; &nbsp; Docentes universitarios convocaron a un paro por 48 horas en todo el pa\u00eds debido a la falta de respuestas, por parte del gobierno que conduce Javier Milei, al reclamo salarial que exigen los profesionales. Desde el Frente Sindical informaron que no se lleg\u00f3 a un acuerdo en la reuni\u00f3n paritaria que retomaron los representantes de docentes de universidades con&#8230;<\/p>\n","protected":false},"author":3,"featured_media":115264,"comment_status":"closed","ping_status":"closed","sticky":false,"template":"","format":"standard","meta":[],"categories":[18],"tags":[],"_links":{"self":[{"href":"https:\/\/www.actualidadadiario.com\/index.php\/wp-json\/wp\/v2\/posts\/115263"}],"collection":[{"href":"https:\/\/www.actualidadadiario.com\/index.php\/wp-json\/wp\/v2\/posts"}],"about":[{"href":"https:\/\/www.actualidadadiario.com\/index.php\/wp-json\/wp\/v2\/types\/post"}],"author":[{"embeddable":true,"href":"https:\/\/www.actualidadadiario.com\/index.php\/wp-json\/wp\/v2\/users\/3"}],"replies":[{"embeddable":true,"href":"https:\/\/www.actualidadadiario.com\/index.php\/wp-json\/wp\/v2\/comments?post=115263"}],"version-history":[{"count":1,"href":"https:\/\/www.actualidadadiario.com\/index.php\/wp-json\/wp\/v2\/posts\/115263\/revisions"}],"predecessor-version":[{"id":115265,"href":"https:\/\/www.actualidadadiario.com\/index.php\/wp-json\/wp\/v2\/posts\/115263\/revisions\/115265"}],"wp:featuredmedia":[{"embeddable":true,"href":"https:\/\/www.actualidadadiario.com\/index.php\/wp-json\/wp\/v2\/media\/115264"}],"wp:attachment":[{"href":"https:\/\/www.actualidadadiario.com\/index.php\/wp-json\/wp\/v2\/media?parent=115263"}],"wp:term":[{"taxonomy":"category","embeddable":true,"href":"https:\/\/www.actualidadadiario.com\/index.php\/wp-json\/wp\/v2\/categories?post=115263"},{"taxonomy":"post_tag","embeddable":true,"href":"https:\/\/www.actualidadadiario.com\/index.php\/wp-json\/wp\/v2\/tags?post=115263"}],"curies":[{"name":"wp","href":"https:\/\/api.w.org\/{rel}","templated":true}]}}