{"id":115260,"date":"2024-05-29T10:51:43","date_gmt":"2024-05-29T13:51:43","guid":{"rendered":"https:\/\/www.actualidadadiario.com\/?p=115260"},"modified":"2024-05-29T10:51:43","modified_gmt":"2024-05-29T13:51:43","slug":"francos-fue-al-senado-en-busca-de-un-dictamen-que-todavia-parece-esquivo","status":"publish","type":"post","link":"https:\/\/www.actualidadadiario.com\/index.php\/2024\/05\/29\/francos-fue-al-senado-en-busca-de-un-dictamen-que-todavia-parece-esquivo\/","title":{"rendered":"Francos fue al Senado en busca de un dictamen que todav\u00eda parece esquivo"},"content":{"rendered":"<p style=\"text-align: center;\"><em><strong>El jefe de Gabinete se reuni\u00f3 este martes con la vicepresidenta, Victoria Villarruel, y jefes de bloques opositores para negociar cambios<\/strong><\/em><\/p>\n<p>&nbsp;<\/p>\n<p>&nbsp;<\/p>\n<p>Guillermo Francos estren\u00f3 su nuevo cargo de jefe de Gabinete con una misi\u00f3n que le encomend\u00f3 Javier Milei: cerrar s\u00ed o s\u00ed un acuerdo con la oposici\u00f3n en el Senado para llevar al recinto el proyecto de la Ley \u00d3mnibus y el paquete fiscal. Despu\u00e9s de reunirse con los ministros, el funcionario nacional mantuvo un encuentro con la vicepresidenta, Victoria Villarruel, y algunos presidentes de bloque opositores para terminar de negociar los cambios. La expectativa del oficialismo es dictaminar este mi\u00e9rcoles, aunque, por ahora, persisten las dudas sobre qu\u00e9 postura adoptar\u00e1n los dos santacruce\u00f1os que responden al gobernador Claudio Vidal, el radical Mart\u00edn Lousteau y el entrerriano Edgardo Kuieder.<\/p>\n<p>Cuando coordinaron el d\u00eda y la hora del c\u00f3nclave en el despacho de la titular de la C\u00e1mara alta, Francos todav\u00eda no sab\u00eda que reemplazar\u00eda a Nicol\u00e1s Posse. Pasado el mediod\u00eda, lleg\u00f3 al Palacio Legislativo con la certeza de que ahora cuenta con un margen de maniobra mayor al que ten\u00eda como ministro del Interior. Pero s\u00f3lo un poco m\u00e1s. El presidente y Karina Milei son los que, en \u00faltima instancia, deciden qu\u00e9 se modifica y qu\u00e9 no de las iniciativas que ya tienen media sanci\u00f3n de Diputados.<\/p>\n<p>De la reuni\u00f3n, que se extendi\u00f3 por m\u00e1s de dos horas, participaron el vicejefe de Gabinete, Jos\u00e9 Rolandi; el secretario parlamentario Agust\u00edn Giustiniani; el presidente provisional del Senado, Bartolom\u00e9 Abdala; y los jefes de bancada Ezequiel Atauche (La Libertad Avanza), Juan Carlos Romero (Cambio Federal), Luis Juez (PRO), Eduardo Vischi (UCR), Carlos Arce (Frente Renovador de la Concordia) y Carlos Esp\u00ednola (Unidad Federal).<\/p>\n<p>&#8220;Hubo avances, pero falta. Siguen las fricciones por algunos art\u00edculos&#8221;, se\u00f1alaron desde el oficialismo. Aunque lograron consensuar varios temas, no alcanz\u00f3 para tener listo un dictamen este mismo martes. Por la tarde, amagaron con hacer circular un despacho para que los opositores lo vayan firmando, como un modo de meter presi\u00f3n; pero luego desistieron ante la resistencia de algunos opositores.<\/p>\n<p>Los santacruce\u00f1os Jos\u00e9 Carambia y Natalia Gadano no terminan de definir qu\u00e9 har\u00e1n, a pesar de los esfuerzos del propio Francos para acercar posiciones con Vidal. Kueider pidi\u00f3 introducir m\u00e1s cambios al texto. Lousteau oscila entre profundizar las cr\u00edticas a la propuesta del Ejecutivo nacional y acompa\u00f1ar un dictamen que recoge apenas algunos de los planteos de la oposici\u00f3n. &#8220;Hay que esperar hasta el mi\u00e9rcoles&#8221;, dijeron cerca del senador radical.<\/p>\n<p>Los senadores patag\u00f3nicos, por su parte, advirtieron una vez m\u00e1s que no est\u00e1n dispuestos a acompa\u00f1ar la privatizaci\u00f3n de Aerol\u00edneas Argentinas ni del Correo. Desde el oficialismo insisten en que no se modificar\u00e1 ese cap\u00edtulo. Tampoco quieren reformular el art\u00edculo 3, que habilita al Ejecutivo nacional a disolver organismos p\u00fablicos. S\u00f3lo aceptar\u00edan dejar a salvo a aquellos que est\u00e1n vinculados a la ciencia y la tecnolog\u00eda.<\/p>\n<p>El jefe de Gabinete -que mantiene di\u00e1logo en simult\u00e1neo con los gobernadores- se mostr\u00f3 satisfecho con el resultado de las conversaciones, aunque no precis\u00f3 cu\u00e1ndo estar\u00e1n en condiciones de dictaminar. En di\u00e1logo con Radio Con Vos, se\u00f1al\u00f3 que est\u00e1n &#8220;cerca de conseguir las firmas para el dictamen de comisi\u00f3n para llevar el tratamiento de la Ley de Bases al recinto&#8221;.<\/p>\n<p>En el Gobierno quieren sesionar la semana pr\u00f3xima, a pesar de que ya se sacaron de encima el apuro por la firma del Pacto de Mayo. Uno de los m\u00e1s interesados en exhibir un resultado inmediato es Francos, para validar el lugar que le concedi\u00f3 Milei, a modo de premio por la labor que lleva adelante desde que comenz\u00f3 la administraci\u00f3n libertaria. Por hacer pol\u00edtica, o sea, por sentarse a negociar con legisladores y gobernadores.<\/p>\n","protected":false},"excerpt":{"rendered":"<p>El jefe de Gabinete se reuni\u00f3 este martes con la vicepresidenta, Victoria Villarruel, y jefes de bloques opositores para negociar cambios &nbsp; &nbsp; Guillermo Francos estren\u00f3 su nuevo cargo de jefe de Gabinete con una misi\u00f3n que le encomend\u00f3 Javier Milei: cerrar s\u00ed o s\u00ed un acuerdo con la oposici\u00f3n en el Senado para llevar al recinto el proyecto de la Ley \u00d3mnibus y el paquete fiscal. Despu\u00e9s de reunirse con los ministros, el funcionario nacional mantuvo un encuentro con la vicepresidenta, Victoria Villarruel, y algunos presidentes de bloque opositores&#8230;<\/p>\n","protected":false},"author":3,"featured_media":115261,"comment_status":"closed","ping_status":"closed","sticky":false,"template":"","format":"standard","meta":[],"categories":[18],"tags":[],"_links":{"self":[{"href":"https:\/\/www.actualidadadiario.com\/index.php\/wp-json\/wp\/v2\/posts\/115260"}],"collection":[{"href":"https:\/\/www.actualidadadiario.com\/index.php\/wp-json\/wp\/v2\/posts"}],"about":[{"href":"https:\/\/www.actualidadadiario.com\/index.php\/wp-json\/wp\/v2\/types\/post"}],"author":[{"embeddable":true,"href":"https:\/\/www.actualidadadiario.com\/index.php\/wp-json\/wp\/v2\/users\/3"}],"replies":[{"embeddable":true,"href":"https:\/\/www.actualidadadiario.com\/index.php\/wp-json\/wp\/v2\/comments?post=115260"}],"version-history":[{"count":1,"href":"https:\/\/www.actualidadadiario.com\/index.php\/wp-json\/wp\/v2\/posts\/115260\/revisions"}],"predecessor-version":[{"id":115262,"href":"https:\/\/www.actualidadadiario.com\/index.php\/wp-json\/wp\/v2\/posts\/115260\/revisions\/115262"}],"wp:featuredmedia":[{"embeddable":true,"href":"https:\/\/www.actualidadadiario.com\/index.php\/wp-json\/wp\/v2\/media\/115261"}],"wp:attachment":[{"href":"https:\/\/www.actualidadadiario.com\/index.php\/wp-json\/wp\/v2\/media?parent=115260"}],"wp:term":[{"taxonomy":"category","embeddable":true,"href":"https:\/\/www.actualidadadiario.com\/index.php\/wp-json\/wp\/v2\/categories?post=115260"},{"taxonomy":"post_tag","embeddable":true,"href":"https:\/\/www.actualidadadiario.com\/index.php\/wp-json\/wp\/v2\/tags?post=115260"}],"curies":[{"name":"wp","href":"https:\/\/api.w.org\/{rel}","templated":true}]}}