{"id":115226,"date":"2024-05-29T09:23:01","date_gmt":"2024-05-29T12:23:01","guid":{"rendered":"https:\/\/www.actualidadadiario.com\/?p=115226"},"modified":"2024-05-29T09:23:19","modified_gmt":"2024-05-29T12:23:19","slug":"manana-vence-el-plazo-para-regularizar-deudas-provinciales-con-descuentos","status":"publish","type":"post","link":"https:\/\/www.actualidadadiario.com\/index.php\/2024\/05\/29\/manana-vence-el-plazo-para-regularizar-deudas-provinciales-con-descuentos\/","title":{"rendered":"Ma\u00f1ana vence el plazo para regularizar deudas provinciales con descuentos"},"content":{"rendered":"<p style=\"text-align: center;\"><em><strong>Este jueves 30 de mayo culmina el plazo para adherir al plan de regularizaci\u00f3n 2024, tras casi 88 d\u00edas de vigencia. Se llevan suscritos 89.473 planes por 7.383 millones de pesos. Los turnos se obtienen por internet<\/strong><\/em><\/p>\n<p>&nbsp;<\/p>\n<p>&nbsp;<\/p>\n<p>&nbsp;<\/p>\n<p>Este jueves 30 de mayo culmina el plazo para adherir al plan de regularizaci\u00f3n 2024, tras casi 88 d\u00edas de vigencia. Se llevan suscritos 89.473 planes por 7.383 millones de pesos. Los turnos se obtienen por internet.<\/p>\n<p>En el marco del Plan dispuesto desde la Administradora Tributaria de Entre R\u00edos (ATER) se recuerda la vigencia para suscribir hasta el jueves 30 de mayo a las 23.59.<\/p>\n<p>Al respecto, el director ejecutivo de ATER, Jesus Korell, destac\u00f3 que &#8220;el buen grado de recepci\u00f3n de esta medida indica que hay muchos entrerrianos que valoraron la oportunidad de ponerse al d\u00eda, encuadr\u00e1ndose dentro del cumplimiento de las normas y contribuyendo a la recuperaci\u00f3n de la provincia&#8221;.<\/p>\n<p>&#8220;Hoy estamos llegando a m\u00e1s contribuyentes con estas facilidades que ofrece el Plan de Regularizaci\u00f3n, tanto en nuestras oficinas como a trav\u00e9s del Punto M\u00f3vil de ATER y la articulaci\u00f3n con municipios y comunas. Estamos en una etapa donde tenemos que priorizar necesidades y estar cerca del contribuyente. Con este enfoque seguimos ampliando y mejorando nuestras prestaciones en todo el territorio provincial&#8221;, destac\u00f3 el titular de ATER.<\/p>\n<p>&nbsp;<\/p>\n<p>&nbsp;<\/p>\n<p><strong>\u00daltimos d\u00edas para suscribir<\/strong><\/p>\n<p>El r\u00e9gimen de regularizaci\u00f3n fiscal 2024 establecido mediante el Decreto 388\/24 MHF permite la cancelaci\u00f3n voluntaria de obligaciones de peque\u00f1os, medianos y grandes deudores, otorgando hasta 18 cuotas e importantes reducciones de multas e intereses para los grupos de contribuyentes m\u00e1s peque\u00f1os.<\/p>\n<p>La suscripci\u00f3n en general es v\u00eda online hasta el 30 de mayo a las 23:59 y la modalidad presencial con cita previa (turnos) opera \u00fanicamente para los grupos exceptuados, entre ellos, los contribuyentes no inscriptos en impuestos declarativos y por tanto no obligados a tener constituido el Domicilio Fiscal Electr\u00f3nico. Este grupo podr\u00e1 obtener turnos hasta esa misma fecha y horario tambi\u00e9n.<\/p>\n<p>Para m\u00e1s informaci\u00f3n, se invita a consultar detalles del Plan en www.ater.com.ar o comunic\u00e1ndose telef\u00f3nicamente con el Servicio de Asistencia al Contribuyente 0810 888 2837 de lunes a viernes de 08:00 a 13:00.<\/p>\n","protected":false},"excerpt":{"rendered":"<p>Este jueves 30 de mayo culmina el plazo para adherir al plan de regularizaci\u00f3n 2024, tras casi 88 d\u00edas de vigencia. Se llevan suscritos 89.473 planes por 7.383 millones de pesos. Los turnos se obtienen por internet &nbsp; &nbsp; &nbsp; Este jueves 30 de mayo culmina el plazo para adherir al plan de regularizaci\u00f3n 2024, tras casi 88 d\u00edas de vigencia. Se llevan suscritos 89.473 planes por 7.383 millones de pesos. Los turnos se obtienen por internet. En el marco del Plan dispuesto desde la Administradora Tributaria de Entre R\u00edos&#8230;<\/p>\n","protected":false},"author":3,"featured_media":115227,"comment_status":"closed","ping_status":"closed","sticky":false,"template":"","format":"standard","meta":[],"categories":[15],"tags":[],"_links":{"self":[{"href":"https:\/\/www.actualidadadiario.com\/index.php\/wp-json\/wp\/v2\/posts\/115226"}],"collection":[{"href":"https:\/\/www.actualidadadiario.com\/index.php\/wp-json\/wp\/v2\/posts"}],"about":[{"href":"https:\/\/www.actualidadadiario.com\/index.php\/wp-json\/wp\/v2\/types\/post"}],"author":[{"embeddable":true,"href":"https:\/\/www.actualidadadiario.com\/index.php\/wp-json\/wp\/v2\/users\/3"}],"replies":[{"embeddable":true,"href":"https:\/\/www.actualidadadiario.com\/index.php\/wp-json\/wp\/v2\/comments?post=115226"}],"version-history":[{"count":2,"href":"https:\/\/www.actualidadadiario.com\/index.php\/wp-json\/wp\/v2\/posts\/115226\/revisions"}],"predecessor-version":[{"id":115229,"href":"https:\/\/www.actualidadadiario.com\/index.php\/wp-json\/wp\/v2\/posts\/115226\/revisions\/115229"}],"wp:featuredmedia":[{"embeddable":true,"href":"https:\/\/www.actualidadadiario.com\/index.php\/wp-json\/wp\/v2\/media\/115227"}],"wp:attachment":[{"href":"https:\/\/www.actualidadadiario.com\/index.php\/wp-json\/wp\/v2\/media?parent=115226"}],"wp:term":[{"taxonomy":"category","embeddable":true,"href":"https:\/\/www.actualidadadiario.com\/index.php\/wp-json\/wp\/v2\/categories?post=115226"},{"taxonomy":"post_tag","embeddable":true,"href":"https:\/\/www.actualidadadiario.com\/index.php\/wp-json\/wp\/v2\/tags?post=115226"}],"curies":[{"name":"wp","href":"https:\/\/api.w.org\/{rel}","templated":true}]}}