{"id":115223,"date":"2024-05-29T09:21:32","date_gmt":"2024-05-29T12:21:32","guid":{"rendered":"https:\/\/www.actualidadadiario.com\/?p=115223"},"modified":"2024-05-29T09:21:32","modified_gmt":"2024-05-29T12:21:32","slug":"frigerio-presento-un-proyecto-de-ley-para-declarar-la-emergencia-vial-por-un-ano","status":"publish","type":"post","link":"https:\/\/www.actualidadadiario.com\/index.php\/2024\/05\/29\/frigerio-presento-un-proyecto-de-ley-para-declarar-la-emergencia-vial-por-un-ano\/","title":{"rendered":"Frigerio present\u00f3 un proyecto de ley para declarar la emergencia vial por un a\u00f1o"},"content":{"rendered":"<p style=\"text-align: center;\"><em><strong>La norma que impulsa el Pode Ejecutivo entrerriano tiene el objeto de llevar adelante medidas y acciones para la recuperaci\u00f3n de la trama vial provincial ante el severo deterioro de las rutas y caminos. La iniciativa se justific\u00f3 \u201cen la situaci\u00f3n de grave crisis econ\u00f3mica por la que atraviesa nuestro pa\u00eds caracterizada, entre otros aspectos, por exorbitantes \u00edndices de inflaci\u00f3n\u201d<\/strong><\/em><\/p>\n<p>&nbsp;<\/p>\n<p>&nbsp;<\/p>\n<p>&nbsp;<\/p>\n<p>El Poder Ejecutivo present\u00f3 el 15 de mayo en la C\u00e1mara de Senadores, un proyecto de ley de Declaraci\u00f3n de emergencia para que se declare \u201cen el \u00e1mbito de la Provincia de Entre R\u00edos, el estado de emergencia de la infraestructura vial, por el plazo de un a\u00f1o a partir de la entrada en vigencia de la presente, prorrogable por el Poder Ejecutivo por \u00fanica vez y por el plazo de 180 d\u00edas, con el objeto de llevar adelante medidas y acciones para la recuperaci\u00f3n de la trama vial provincial\u201d.<\/p>\n<p>El proyecto propone que se \u201cautor\u00edcese a la Direcci\u00f3n Provincial de Vialidad a realizar contrataciones directas por v\u00eda de excepci\u00f3n de obras p\u00fablicas, provisi\u00f3n de bienes, insumos, repuestos y suministros necesarios para llevar adelante la recuperaci\u00f3n de la infraestructura vial de la Provincia con arreglo a las disposiciones legales vigentes\u2026, durante la vigencia del per\u00edodo de emergencia dispuesto en la presente ley\u201d.<\/p>\n<p>&nbsp;<\/p>\n<p><strong>Justificaci\u00f3n<\/strong><\/p>\n<p>En el mensaje a la Legislatura, se sostuvo que \u201cla presente iniciativa encuentra su justificaci\u00f3n en la situaci\u00f3n de grave crisis econ\u00f3mica por la que atraviesa nuestro pa\u00eds caracterizada, entre otros aspectos, por exorbitantes \u00edndices de inflaci\u00f3n. En relaci\u00f3n a ello, el Instituto Nacional de Estad\u00edstica y Censos (Indec) inform\u00f3 recientemente que el nivel general del \u00edndice de precios al consumidor registr\u00f3 un alza mensual de 11,0% en marzo de 2024, y acumul\u00f3 una variaci\u00f3n de 51,6%\u201d.<\/p>\n<p>&nbsp;<\/p>\n<p><strong>N\u00fameros<\/strong><\/p>\n<p>Tambi\u00e9n se se\u00f1al\u00f3 que \u201cen la comparaci\u00f3n interanual, el incremento alcanz\u00f3 el 287,9%\u201d y se indic\u00f3 que \u201csi tenemos en cuenta concretamente los costos de la construcci\u00f3n, puede advertirse en ese rubro una incidencia incluso un poco mayor en el alza de dichos precios. As\u00ed, por ejemplo, el \u00edndice que elabora la C\u00e1mara Argentina de la Construcci\u00f3n(CAC) determina que en los \u00faltimos 12 meses el costo de la construcci\u00f3n acumula un incremento del 289,14%\u201d.<\/p>\n<p>&nbsp;<\/p>\n<p><strong>Escenario<\/strong><\/p>\n<p>En los fundamentos se resal\u00f3 que \u201cel escenario descripto entorpece enormemente la gesti\u00f3n de las compras p\u00fablicas en general y, en particular, en la adquisici\u00f3n de bienes o insumos relacionados con la obra p\u00fablica, ya que el escenario de incertidumbre en lo econ\u00f3mico y la volatilidad que experimentan los precios del rubro impiden muchas veces contar con ofertas de proveedores en los procesos licitatorios o, existiendo las mismas, se advierten cotizaciones a precios elevados\u201d.<\/p>\n<p>&nbsp;<\/p>\n<p><strong>Dificultad<\/strong><\/p>\n<p>El Ejecutivo entiende que \u201cla dificultad de concretar la adquisici\u00f3n de materiales e insumos primordiales para el mantenimiento de las obras viales a trav\u00e9s de los procesos licitatorios, le impiden a la Direcci\u00f3n Provincial de Vialidad llevar adelante esa tarea. A la situaci\u00f3n compleja anteriormente descripta, debe sumarse otro factor que justifica la adopci\u00f3n de esta medida legislativa. Nos referimos al severo deterioro que presenta la trama vial de nuestra provincia, que hace imperiosa una r\u00e1pida intervenci\u00f3n de la Direcci\u00f3n Provincial de Vialidad\u201d.<\/p>\n","protected":false},"excerpt":{"rendered":"<p>La norma que impulsa el Pode Ejecutivo entrerriano tiene el objeto de llevar adelante medidas y acciones para la recuperaci\u00f3n de la trama vial provincial ante el severo deterioro de las rutas y caminos. La iniciativa se justific\u00f3 \u201cen la situaci\u00f3n de grave crisis econ\u00f3mica por la que atraviesa nuestro pa\u00eds caracterizada, entre otros aspectos, por exorbitantes \u00edndices de inflaci\u00f3n\u201d &nbsp; &nbsp; &nbsp; El Poder Ejecutivo present\u00f3 el 15 de mayo en la C\u00e1mara de Senadores, un proyecto de ley de Declaraci\u00f3n de emergencia para que se declare \u201cen el&#8230;<\/p>\n","protected":false},"author":3,"featured_media":115224,"comment_status":"closed","ping_status":"closed","sticky":false,"template":"","format":"standard","meta":[],"categories":[15],"tags":[],"_links":{"self":[{"href":"https:\/\/www.actualidadadiario.com\/index.php\/wp-json\/wp\/v2\/posts\/115223"}],"collection":[{"href":"https:\/\/www.actualidadadiario.com\/index.php\/wp-json\/wp\/v2\/posts"}],"about":[{"href":"https:\/\/www.actualidadadiario.com\/index.php\/wp-json\/wp\/v2\/types\/post"}],"author":[{"embeddable":true,"href":"https:\/\/www.actualidadadiario.com\/index.php\/wp-json\/wp\/v2\/users\/3"}],"replies":[{"embeddable":true,"href":"https:\/\/www.actualidadadiario.com\/index.php\/wp-json\/wp\/v2\/comments?post=115223"}],"version-history":[{"count":1,"href":"https:\/\/www.actualidadadiario.com\/index.php\/wp-json\/wp\/v2\/posts\/115223\/revisions"}],"predecessor-version":[{"id":115225,"href":"https:\/\/www.actualidadadiario.com\/index.php\/wp-json\/wp\/v2\/posts\/115223\/revisions\/115225"}],"wp:featuredmedia":[{"embeddable":true,"href":"https:\/\/www.actualidadadiario.com\/index.php\/wp-json\/wp\/v2\/media\/115224"}],"wp:attachment":[{"href":"https:\/\/www.actualidadadiario.com\/index.php\/wp-json\/wp\/v2\/media?parent=115223"}],"wp:term":[{"taxonomy":"category","embeddable":true,"href":"https:\/\/www.actualidadadiario.com\/index.php\/wp-json\/wp\/v2\/categories?post=115223"},{"taxonomy":"post_tag","embeddable":true,"href":"https:\/\/www.actualidadadiario.com\/index.php\/wp-json\/wp\/v2\/tags?post=115223"}],"curies":[{"name":"wp","href":"https:\/\/api.w.org\/{rel}","templated":true}]}}