{"id":115220,"date":"2024-05-29T09:20:11","date_gmt":"2024-05-29T12:20:11","guid":{"rendered":"https:\/\/www.actualidadadiario.com\/?p=115220"},"modified":"2024-05-29T09:20:11","modified_gmt":"2024-05-29T12:20:11","slug":"entre-rios-estuvo-presente-en-la-reunion-de-la-mesa-permanente-de-seguridad-de-la-region-centro","status":"publish","type":"post","link":"https:\/\/www.actualidadadiario.com\/index.php\/2024\/05\/29\/entre-rios-estuvo-presente-en-la-reunion-de-la-mesa-permanente-de-seguridad-de-la-region-centro\/","title":{"rendered":"Entre R\u00edos estuvo presente en la reuni\u00f3n de la Mesa Permanente de Seguridad de la Regi\u00f3n Centro"},"content":{"rendered":"<p style=\"text-align: center;\"><em><strong>El ministro de Seguridad y Justicia, N\u00e9stor Roncaglia, en representaci\u00f3n del gobernador Rogelio Frigerio, particip\u00f3 de la Mesa Permanente de Seguridad de la Regi\u00f3n Centro, junto a los mandatarios de C\u00f3rdoba, Mart\u00edn Llaryora; y de Santa Fe, Maximiliano Pullaro<\/strong><\/em><\/p>\n<p>&nbsp;<\/p>\n<p>&nbsp;<\/p>\n<p>En el encuentro, que tuvo lugar en C\u00f3rdoba, las autoridades firmaron un convenio que establece acciones conjuntas en materia de seguridad, como jornadas de formaci\u00f3n del personal policial y la creaci\u00f3n de herramientas para compartir y cruzar informaci\u00f3n, entre otras.<\/p>\n<p>En la oportunidad, el ministro Roncaglia manifest\u00f3 que &#8220;tenemos este gran desaf\u00edo que es la seguridad, una demanda social muy importante que debemos planificar y articular mancomunadamente las tres provincias&#8221;.<\/p>\n<p>En ese sentido, destac\u00f3 la presencia en la reuni\u00f3n de la Mesa de los tres jefes de las polic\u00edas de las provincias y consider\u00f3 que &#8220;el secreto est\u00e1 en trabajar juntos haciendo un frente \u00fanico&#8221;.<\/p>\n<p>En el acta suscripta se delinean las prioridades de la Agenda de Seguridad 2024, que dispone cuatro \u00e1reas de trabajo en conjunto entre las tres provincias de Regi\u00f3n Centro. Estas son:<\/p>\n<p>&#8211; Realizar jornadas de formaci\u00f3n conjunta del personal policial sobre Inteligencia Criminal y armonizaci\u00f3n curricular de las Escuelas de Oficiales y Suboficiales de las tres fuerzas.<\/p>\n<p>&nbsp;<\/p>\n<p>&#8211; Contribuir a la Sistematizaci\u00f3n e Integraci\u00f3n de datos del sistema dactilar, veh\u00edculos con pedido de secuestro, \u00f3rdenes de captura y otros \u00edtems, para brindarle m\u00e1s eficacia a la resoluci\u00f3n de los delitos.<\/p>\n<p>&nbsp;<\/p>\n<p>&#8211; Constituci\u00f3n de Unidades de trabajo de las Jefaturas Departamentales lim\u00edtrofes entre las provincias de la Regi\u00f3n.<\/p>\n<p>&nbsp;<\/p>\n<p>&#8211; Centro de Integraci\u00f3n de la informaci\u00f3n en la lucha contra el Narcomenudeo y las Organizaciones Criminales.<\/p>\n<p>&nbsp;<\/p>\n<p>En ese contexto, Llaryora sostuvo que &#8220;lo que hacemos hoy es salir de los l\u00edmites provinciales para generar una mesa de trabajo permanente que les permita a las polic\u00edas y justicias provinciales poder tener un intercambio m\u00e1s fluido de informaci\u00f3n en la lucha contra el crimen organizado. Esa es la herramienta que hoy en la Regi\u00f3n Centro estamos creando y que tal vez empiece a ser imitada por otras jurisdicciones&#8221;.<\/p>\n<p>Por su parte, el gobernador santafecino Maximiliano Pullaro, quien ejerce la presidencia pro t\u00e9mpore de la Regi\u00f3n Centro, resalt\u00f3: &#8220;Estamos convencidos de que el trabajo conjunto nos va a permitir construir pol\u00edticas p\u00fablicas estables y de largo plazo, con los controles, la inteligencia y la investigaci\u00f3n criminal. La \u00fanica manera de salir adelante es trabajando en conjunto. Los desaf\u00edos que tenemos son inmensos, buscando mayores niveles de paz y de seguridad. Pero eso lo vamos a hacer juntos&#8221;.<\/p>\n<p>&nbsp;<\/p>\n<p><strong>Otros temas<\/strong><\/p>\n<p>En marco de la Mesa Permanente de Seguridad de la Regi\u00f3n Centro, que fue creada en febrero de este a\u00f1o, se llevaron a cabo exposiciones en comisiones integradas por las autoridades y equipos de seguridad sobre distintos t\u00f3picos, con el eje puesto principalmente en la lucha contra el delito y, en espec\u00edfico, la lucha contra el crimen organizado.<\/p>\n<p>En esta ocasi\u00f3n, se trataron los temas de seguridad en eventos Deportivos; Formaci\u00f3n de los Agentes Policiales; Estrategia de Policiamiento Predictivo; An\u00e1lisis de Inteligencia Criminal; y Ciberdelito.<\/p>\n","protected":false},"excerpt":{"rendered":"<p>El ministro de Seguridad y Justicia, N\u00e9stor Roncaglia, en representaci\u00f3n del gobernador Rogelio Frigerio, particip\u00f3 de la Mesa Permanente de Seguridad de la Regi\u00f3n Centro, junto a los mandatarios de C\u00f3rdoba, Mart\u00edn Llaryora; y de Santa Fe, Maximiliano Pullaro &nbsp; &nbsp; En el encuentro, que tuvo lugar en C\u00f3rdoba, las autoridades firmaron un convenio que establece acciones conjuntas en materia de seguridad, como jornadas de formaci\u00f3n del personal policial y la creaci\u00f3n de herramientas para compartir y cruzar informaci\u00f3n, entre otras. En la oportunidad, el ministro Roncaglia manifest\u00f3 que &#8220;tenemos&#8230;<\/p>\n","protected":false},"author":3,"featured_media":115221,"comment_status":"closed","ping_status":"closed","sticky":false,"template":"","format":"standard","meta":[],"categories":[15],"tags":[],"_links":{"self":[{"href":"https:\/\/www.actualidadadiario.com\/index.php\/wp-json\/wp\/v2\/posts\/115220"}],"collection":[{"href":"https:\/\/www.actualidadadiario.com\/index.php\/wp-json\/wp\/v2\/posts"}],"about":[{"href":"https:\/\/www.actualidadadiario.com\/index.php\/wp-json\/wp\/v2\/types\/post"}],"author":[{"embeddable":true,"href":"https:\/\/www.actualidadadiario.com\/index.php\/wp-json\/wp\/v2\/users\/3"}],"replies":[{"embeddable":true,"href":"https:\/\/www.actualidadadiario.com\/index.php\/wp-json\/wp\/v2\/comments?post=115220"}],"version-history":[{"count":1,"href":"https:\/\/www.actualidadadiario.com\/index.php\/wp-json\/wp\/v2\/posts\/115220\/revisions"}],"predecessor-version":[{"id":115222,"href":"https:\/\/www.actualidadadiario.com\/index.php\/wp-json\/wp\/v2\/posts\/115220\/revisions\/115222"}],"wp:featuredmedia":[{"embeddable":true,"href":"https:\/\/www.actualidadadiario.com\/index.php\/wp-json\/wp\/v2\/media\/115221"}],"wp:attachment":[{"href":"https:\/\/www.actualidadadiario.com\/index.php\/wp-json\/wp\/v2\/media?parent=115220"}],"wp:term":[{"taxonomy":"category","embeddable":true,"href":"https:\/\/www.actualidadadiario.com\/index.php\/wp-json\/wp\/v2\/categories?post=115220"},{"taxonomy":"post_tag","embeddable":true,"href":"https:\/\/www.actualidadadiario.com\/index.php\/wp-json\/wp\/v2\/tags?post=115220"}],"curies":[{"name":"wp","href":"https:\/\/api.w.org\/{rel}","templated":true}]}}