{"id":115217,"date":"2024-05-29T09:18:54","date_gmt":"2024-05-29T12:18:54","guid":{"rendered":"https:\/\/www.actualidadadiario.com\/?p=115217"},"modified":"2024-05-29T09:18:54","modified_gmt":"2024-05-29T12:18:54","slug":"el-gobernador-estara-en-espana-durante-toda-la-semana","status":"publish","type":"post","link":"https:\/\/www.actualidadadiario.com\/index.php\/2024\/05\/29\/el-gobernador-estara-en-espana-durante-toda-la-semana\/","title":{"rendered":"El Gobernador estar\u00e1 en Espa\u00f1a durante toda la semana"},"content":{"rendered":"<p style=\"text-align: center;\"><strong><em>El gobernador Rogelio Frigerio viaj\u00f3 a Espa\u00f1a y permanecer\u00e1, al menos, hasta el viernes. Participar\u00e1 en actividades del Banco Interamericano de Desarrollo (BID) y se reunir\u00e1 con empresarios a quienes interesar\u00e1 para invertir en Entre R\u00edos<\/em><\/strong><\/p>\n<p>&nbsp;<\/p>\n<p>&nbsp;<\/p>\n<p>La primera actividad de Frigerio en Madrid ser\u00e1 hoy. Este d\u00eda por la noche participar\u00e1 en una recepci\u00f3n que se har\u00e1 en Casa de Am\u00e9ricas por los 50 a\u00f1os de la Declaraci\u00f3n de Madrid, oportunidad en la que varias potencias europeas se sumaron al BID.<\/p>\n<p>El jueves, en el mismo lugar, la entidad financiera presentar\u00e1 \u201cBID para las Am\u00e9ricas\u201d, un nuevo programa que busca fomentar oportunidades de negocios y fortalecer los lazos econ\u00f3micos entre Am\u00e9rica Latina y el Caribe (ALC) y socios clave de sus pa\u00edses no prestatarios a nivel global.<\/p>\n<p>En la apertura participar\u00e1 Ilan Goldfajn, Presidente del BID y Carlos Cuerpo, Ministro de Econom\u00eda, Comercio y Negocios de Espa\u00f1a.<\/p>\n<p>El mandatario entrerriano integrar\u00e1 el primer panel de discusi\u00f3n, titulado \u201cInfraestructura Regional Sostenible\u201d. La actividad terminar\u00e1 a las 18:45.<\/p>\n<p>Al d\u00eda siguiente, viernes 31, Frigerio tendr\u00e1 un desayuno y luego un almuerzo de trabajo con empresarios europeos. Cerrar\u00e1 su gira con una reuni\u00f3n con Enrique Iglesias, ex presidente del BID.<\/p>\n","protected":false},"excerpt":{"rendered":"<p>El gobernador Rogelio Frigerio viaj\u00f3 a Espa\u00f1a y permanecer\u00e1, al menos, hasta el viernes. Participar\u00e1 en actividades del Banco Interamericano de Desarrollo (BID) y se reunir\u00e1 con empresarios a quienes interesar\u00e1 para invertir en Entre R\u00edos &nbsp; &nbsp; La primera actividad de Frigerio en Madrid ser\u00e1 hoy. Este d\u00eda por la noche participar\u00e1 en una recepci\u00f3n que se har\u00e1 en Casa de Am\u00e9ricas por los 50 a\u00f1os de la Declaraci\u00f3n de Madrid, oportunidad en la que varias potencias europeas se sumaron al BID. El jueves, en el mismo lugar, la&#8230;<\/p>\n","protected":false},"author":3,"featured_media":115218,"comment_status":"closed","ping_status":"closed","sticky":false,"template":"","format":"standard","meta":[],"categories":[15],"tags":[],"_links":{"self":[{"href":"https:\/\/www.actualidadadiario.com\/index.php\/wp-json\/wp\/v2\/posts\/115217"}],"collection":[{"href":"https:\/\/www.actualidadadiario.com\/index.php\/wp-json\/wp\/v2\/posts"}],"about":[{"href":"https:\/\/www.actualidadadiario.com\/index.php\/wp-json\/wp\/v2\/types\/post"}],"author":[{"embeddable":true,"href":"https:\/\/www.actualidadadiario.com\/index.php\/wp-json\/wp\/v2\/users\/3"}],"replies":[{"embeddable":true,"href":"https:\/\/www.actualidadadiario.com\/index.php\/wp-json\/wp\/v2\/comments?post=115217"}],"version-history":[{"count":1,"href":"https:\/\/www.actualidadadiario.com\/index.php\/wp-json\/wp\/v2\/posts\/115217\/revisions"}],"predecessor-version":[{"id":115219,"href":"https:\/\/www.actualidadadiario.com\/index.php\/wp-json\/wp\/v2\/posts\/115217\/revisions\/115219"}],"wp:featuredmedia":[{"embeddable":true,"href":"https:\/\/www.actualidadadiario.com\/index.php\/wp-json\/wp\/v2\/media\/115218"}],"wp:attachment":[{"href":"https:\/\/www.actualidadadiario.com\/index.php\/wp-json\/wp\/v2\/media?parent=115217"}],"wp:term":[{"taxonomy":"category","embeddable":true,"href":"https:\/\/www.actualidadadiario.com\/index.php\/wp-json\/wp\/v2\/categories?post=115217"},{"taxonomy":"post_tag","embeddable":true,"href":"https:\/\/www.actualidadadiario.com\/index.php\/wp-json\/wp\/v2\/tags?post=115217"}],"curies":[{"name":"wp","href":"https:\/\/api.w.org\/{rel}","templated":true}]}}