{"id":115205,"date":"2024-05-28T13:47:18","date_gmt":"2024-05-28T16:47:18","guid":{"rendered":"https:\/\/www.actualidadadiario.com\/?p=115205"},"modified":"2024-05-28T13:47:18","modified_gmt":"2024-05-28T16:47:18","slug":"onu-cita-a-reunion-de-emergencia-por-ataque-israeli-en-rafah","status":"publish","type":"post","link":"https:\/\/www.actualidadadiario.com\/index.php\/2024\/05\/28\/onu-cita-a-reunion-de-emergencia-por-ataque-israeli-en-rafah\/","title":{"rendered":"ONU cita a reuni\u00f3n de emergencia por ataque israel\u00ed en Rafah"},"content":{"rendered":"<p style=\"text-align: center;\"><em><strong>La embestida provoc\u00f3 una oleada de condena internacional. Israel declar\u00f3 que estaba investigando lo ocurrido<\/strong><\/em><\/p>\n<p>&nbsp;<\/p>\n<p>&nbsp;<\/p>\n<p>El Consejo de Seguridad de la ONU celebra este martes una reuni\u00f3n de emergencia tras el ataque israel\u00ed en Rafah del pasado domingo en el que murieron casi medio centenar de personas.<\/p>\n<p>La reuni\u00f3n del Consejo de Seguridad fue solicitada por Argelia y convocada despu\u00e9s que el coordinador especial de la ONU para el proceso de paz en Oriente Medio, encargado de la cuesti\u00f3n palestina, Tor Wennesland, pidiera a las autoridades israel\u00edes que lleven a cabo una &#8220;investigaci\u00f3n exhaustiva y transparente&#8221; sobre el ataque.<\/p>\n<p>El secretario general de Naciones Unidas, Ant\u00f3nio Guterres, conden\u00f3 por su parte el ataque y pidi\u00f3 acabar con &#8220;este horror&#8221;. &#8220;Condeno las acciones de Israel que han matado a decenas de civiles inocentes que solo buscaban refugio de este mort\u00edfero conflicto. No hay ning\u00fan lugar seguro en Gaza. Este horror debe terminar&#8221;, escribi\u00f3 Guterres en su cuenta de X.<\/p>\n<p>El ataque a\u00e9reo israel\u00ed, en el que murieron unos 45 palestinos, muchos de ellos ni\u00f1os, afect\u00f3 a un campamento de tiendas de campa\u00f1a para personas desplazadas en la ciudad de Rafah, en el sur de Gaza. Tras conocerse el incidente, el primer ministro israel\u00ed, Benjam\u00edn Netanyahu, afirm\u00f3 que la muerte de civiles en Rafah, era un &#8220;tr\u00e1gico percance&#8221;.<\/p>\n<p>Los fallecidos se encontraban en una supuesta &#8220;zona segura&#8221; en el barrio de Tal al Sultan, en el noroeste de Rafah, donde hab\u00eda cientos de personas desplazadas en un campamento improvisado que Israel a\u00fan no hab\u00eda ordenado evacuar.<\/p>\n<p>El Ej\u00e9rcito israel\u00ed inform\u00f3 de que se trat\u00f3 de una &#8220;operaci\u00f3n precisa basada en inteligencia&#8221; dirigida a eliminar a dos altos mandos de Ham\u00e1s que se encontraban en un edificio en la zona, aunque admiti\u00f3 que luego se gener\u00f3 un incendio que provoc\u00f3 un alto n\u00famero de v\u00edctimas mortales.<\/p>\n","protected":false},"excerpt":{"rendered":"<p>La embestida provoc\u00f3 una oleada de condena internacional. Israel declar\u00f3 que estaba investigando lo ocurrido &nbsp; &nbsp; El Consejo de Seguridad de la ONU celebra este martes una reuni\u00f3n de emergencia tras el ataque israel\u00ed en Rafah del pasado domingo en el que murieron casi medio centenar de personas. La reuni\u00f3n del Consejo de Seguridad fue solicitada por Argelia y convocada despu\u00e9s que el coordinador especial de la ONU para el proceso de paz en Oriente Medio, encargado de la cuesti\u00f3n palestina, Tor Wennesland, pidiera a las autoridades israel\u00edes que&#8230;<\/p>\n","protected":false},"author":3,"featured_media":115206,"comment_status":"closed","ping_status":"closed","sticky":false,"template":"","format":"standard","meta":[],"categories":[4],"tags":[],"_links":{"self":[{"href":"https:\/\/www.actualidadadiario.com\/index.php\/wp-json\/wp\/v2\/posts\/115205"}],"collection":[{"href":"https:\/\/www.actualidadadiario.com\/index.php\/wp-json\/wp\/v2\/posts"}],"about":[{"href":"https:\/\/www.actualidadadiario.com\/index.php\/wp-json\/wp\/v2\/types\/post"}],"author":[{"embeddable":true,"href":"https:\/\/www.actualidadadiario.com\/index.php\/wp-json\/wp\/v2\/users\/3"}],"replies":[{"embeddable":true,"href":"https:\/\/www.actualidadadiario.com\/index.php\/wp-json\/wp\/v2\/comments?post=115205"}],"version-history":[{"count":1,"href":"https:\/\/www.actualidadadiario.com\/index.php\/wp-json\/wp\/v2\/posts\/115205\/revisions"}],"predecessor-version":[{"id":115207,"href":"https:\/\/www.actualidadadiario.com\/index.php\/wp-json\/wp\/v2\/posts\/115205\/revisions\/115207"}],"wp:featuredmedia":[{"embeddable":true,"href":"https:\/\/www.actualidadadiario.com\/index.php\/wp-json\/wp\/v2\/media\/115206"}],"wp:attachment":[{"href":"https:\/\/www.actualidadadiario.com\/index.php\/wp-json\/wp\/v2\/media?parent=115205"}],"wp:term":[{"taxonomy":"category","embeddable":true,"href":"https:\/\/www.actualidadadiario.com\/index.php\/wp-json\/wp\/v2\/categories?post=115205"},{"taxonomy":"post_tag","embeddable":true,"href":"https:\/\/www.actualidadadiario.com\/index.php\/wp-json\/wp\/v2\/tags?post=115205"}],"curies":[{"name":"wp","href":"https:\/\/api.w.org\/{rel}","templated":true}]}}