{"id":115197,"date":"2024-05-28T13:44:12","date_gmt":"2024-05-28T16:44:12","guid":{"rendered":"https:\/\/www.actualidadadiario.com\/?p=115197"},"modified":"2024-05-28T13:44:12","modified_gmt":"2024-05-28T16:44:12","slug":"advertencia-de-macron-por-el-ascenso-de-la-ultraderecha-en-europa","status":"publish","type":"post","link":"https:\/\/www.actualidadadiario.com\/index.php\/2024\/05\/28\/advertencia-de-macron-por-el-ascenso-de-la-ultraderecha-en-europa\/","title":{"rendered":"Advertencia de Macron por el ascenso de la ultraderecha en Europa"},"content":{"rendered":"<p style=\"text-align: center;\"><em><strong>El presidente franc\u00e9s, en visita de Estado en Alemania,\u00a0 llam\u00f3 a participar en las elecciones legislativas del mes pr\u00f3ximo en los 27 pa\u00edses del bloque, para &#8220;defender la democracia&#8221;<\/strong><\/em><\/p>\n<p>&nbsp;<\/p>\n<p>&nbsp;<\/p>\n<p>El presidente franc\u00e9s Emmanuel Macron, en visita de Estado de tres d\u00edas en Alemania, advirti\u00f3 que la democracia est\u00e1 en &#8220;crisis&#8221;, sacudida por el &#8220;ascenso&#8221; de los extremos y por una &#8220;fascinaci\u00f3n por el autoritarismo&#8221; que se afianza en la Uni\u00f3n Europea.<\/p>\n<p>El mandatario, en la primer visita de un presidente franc\u00e9s a suelo alem\u00e1n en 24 a\u00f1os, tambi\u00e9n llam\u00f3 a participar en las elecciones legislativas del mes pr\u00f3ximo en los 27 pa\u00edses del bloque, para &#8220;defender la democracia&#8221;.<\/p>\n<p>Macron y su hom\u00f3logo alem\u00e1n Frank-Walter Steinmeier, acompa\u00f1ados de sus esposas, depositaron dos coronas con los colores de las banderas francesas y alemana en medio del laberinto de bloques grises del memorial, en homenaje a los seis millones de jud\u00edos asesinados por los nazis.<\/p>\n<p>&nbsp;<\/p>\n<p><strong>Enemigos<\/strong><\/p>\n<p>&#8220;Nunca tuvimos tantos enemigos internos y externos (&#8230;). Pienso que vivimos, b\u00e1sicamente, una forma de crisis de la democracia&#8221;, declar\u00f3 Macron en Berl\u00edn, en una conferencia de prensa junto al presidente alem\u00e1n.<\/p>\n<p>Actualmente &#8220;hay una forma de fascinaci\u00f3n por el autoritarismo, que est\u00e1 surgiendo en nuestras propias democracias&#8221;, agreg\u00f3, y advirti\u00f3 contra &#8220;el ascenso de la ultraderecha&#8221; en el continente, pese a que &#8220;nada se sostiene en el discurso&#8221; de esas formaciones.<\/p>\n<p>Entre otras actividades oficiales, Macron se reunir\u00e1 ma\u00f1ana con el canciller Olaf Scholz. Tambi\u00e9n visitar\u00e1 la ciudad oriental de Dresde y la occidental de Muenster.<\/p>\n","protected":false},"excerpt":{"rendered":"<p>El presidente franc\u00e9s, en visita de Estado en Alemania,\u00a0 llam\u00f3 a participar en las elecciones legislativas del mes pr\u00f3ximo en los 27 pa\u00edses del bloque, para &#8220;defender la democracia&#8221; &nbsp; &nbsp; El presidente franc\u00e9s Emmanuel Macron, en visita de Estado de tres d\u00edas en Alemania, advirti\u00f3 que la democracia est\u00e1 en &#8220;crisis&#8221;, sacudida por el &#8220;ascenso&#8221; de los extremos y por una &#8220;fascinaci\u00f3n por el autoritarismo&#8221; que se afianza en la Uni\u00f3n Europea. El mandatario, en la primer visita de un presidente franc\u00e9s a suelo alem\u00e1n en 24 a\u00f1os, tambi\u00e9n&#8230;<\/p>\n","protected":false},"author":3,"featured_media":115198,"comment_status":"closed","ping_status":"closed","sticky":false,"template":"","format":"standard","meta":[],"categories":[4],"tags":[],"_links":{"self":[{"href":"https:\/\/www.actualidadadiario.com\/index.php\/wp-json\/wp\/v2\/posts\/115197"}],"collection":[{"href":"https:\/\/www.actualidadadiario.com\/index.php\/wp-json\/wp\/v2\/posts"}],"about":[{"href":"https:\/\/www.actualidadadiario.com\/index.php\/wp-json\/wp\/v2\/types\/post"}],"author":[{"embeddable":true,"href":"https:\/\/www.actualidadadiario.com\/index.php\/wp-json\/wp\/v2\/users\/3"}],"replies":[{"embeddable":true,"href":"https:\/\/www.actualidadadiario.com\/index.php\/wp-json\/wp\/v2\/comments?post=115197"}],"version-history":[{"count":1,"href":"https:\/\/www.actualidadadiario.com\/index.php\/wp-json\/wp\/v2\/posts\/115197\/revisions"}],"predecessor-version":[{"id":115199,"href":"https:\/\/www.actualidadadiario.com\/index.php\/wp-json\/wp\/v2\/posts\/115197\/revisions\/115199"}],"wp:featuredmedia":[{"embeddable":true,"href":"https:\/\/www.actualidadadiario.com\/index.php\/wp-json\/wp\/v2\/media\/115198"}],"wp:attachment":[{"href":"https:\/\/www.actualidadadiario.com\/index.php\/wp-json\/wp\/v2\/media?parent=115197"}],"wp:term":[{"taxonomy":"category","embeddable":true,"href":"https:\/\/www.actualidadadiario.com\/index.php\/wp-json\/wp\/v2\/categories?post=115197"},{"taxonomy":"post_tag","embeddable":true,"href":"https:\/\/www.actualidadadiario.com\/index.php\/wp-json\/wp\/v2\/tags?post=115197"}],"curies":[{"name":"wp","href":"https:\/\/api.w.org\/{rel}","templated":true}]}}