{"id":115194,"date":"2024-05-28T11:58:42","date_gmt":"2024-05-28T14:58:42","guid":{"rendered":"https:\/\/www.actualidadadiario.com\/?p=115194"},"modified":"2024-05-28T11:58:42","modified_gmt":"2024-05-28T14:58:42","slug":"mondino-va-al-senado-explicara-la-politica-exterior-del-gobierno-en-medio-del-conflicto-con-espana-y-los-viajes-de-milei","status":"publish","type":"post","link":"https:\/\/www.actualidadadiario.com\/index.php\/2024\/05\/28\/mondino-va-al-senado-explicara-la-politica-exterior-del-gobierno-en-medio-del-conflicto-con-espana-y-los-viajes-de-milei\/","title":{"rendered":"Mondino va al Senado: explicar\u00e1 la pol\u00edtica exterior del Gobierno, en medio del conflicto con Espa\u00f1a y los viajes de Milei"},"content":{"rendered":"<p style=\"text-align: center;\"><em><strong>La Canciller expondr\u00e1 este martes en la Comisi\u00f3n de Relaciones Exteriores y Culto, en medio de la crisis diplom\u00e1tica con el Gobierno de Pedro S\u00e1nchez y una denuncia por el viaje del mandatario argentino a Madrid<\/strong><\/em><\/p>\n<p>&nbsp;<\/p>\n<p>&nbsp;<\/p>\n<p>Mientras el presidente Javier Milei se encuentra en una nueva gira internacional, la ministra de Relaciones Exteriores, Diana Mondino, se presenta este martes en el Senado de la Naci\u00f3n desde las 16 horas para exponer acerca de la pol\u00edtica exterior del Gobierno, con eje en el reciente conflicto diplom\u00e1tico entre la Argentina y Espa\u00f1a.<\/p>\n<p>El tema m\u00e1s reciente que cruzar\u00e1 el encuentro informativo ser\u00e1 la crisis con el Gobierno espa\u00f1ol, luego de una fuerte serie de declaraciones que intercambiaron Milei y su par del pa\u00eds europeo, Pedro S\u00e1nchez. Adem\u00e1s, el viaje a Espa\u00f1a que realiz\u00f3 el l\u00edder de La Libertad Avanza se encuentra en el ojo de la discusi\u00f3n, ya que fue denunciado penalmente por &#8220;defraudaci\u00f3n al Estado&#8221; al tratarse de una &#8220;visita privada&#8221;.<\/p>\n<p>Si bien los idas y vueltas comenzaron en medio de la campa\u00f1a electoral del a\u00f1o pasado, y d\u00edas antes de que llegara a Madrid distintos funcionarios del Gabinete espa\u00f1ol cruzaron al mandatario argentino, el cl\u00edmax se alcanz\u00f3 cuando Milei brind\u00f3 un discurso en un acto organizado por el partido de ultraderecha Vox, donde acus\u00f3 de &#8220;corrupta&#8221; a la esposa de S\u00e1nchez, Bego\u00f1a G\u00f3mez.<\/p>\n<p>Esa participaci\u00f3n en el evento &#8220;Europa Viva 24&#8221;, sumada a la presentaci\u00f3n que hizo el Presidente de su libro en la sede del diario La Raz\u00f3n, motivaron la denuncia penal por parte de tres diputados radicales que pidieron que se investiguen si se usaron recursos p\u00fablicos por un viaje de &#8220;cuestiones estrictamente personales&#8221;.<\/p>\n<p>A esto se suma que, debido a la tensi\u00f3n entre ambas naciones, la embajadora espa\u00f1ola en Argentina, Mar\u00eda Jes\u00fas Alonso Jim\u00e9nez, primero fue llamada a consulta por el Ministerio de Asuntos Exteriores de su pa\u00eds, y posteriormente se anunci\u00f3 su retiro definitivo.<\/p>\n<p>En su \u00faltima declaraci\u00f3n p\u00fablica, Mondino hab\u00eda afirmado que la reacci\u00f3n del Gobierno espa\u00f1ol fue &#8220;exorbitante&#8221;. Durante su disertaci\u00f3n en el Congreso Anual del Instituto Argentino de Ejecutivos de Finanzas (IAEF), manifest\u00f3: &#8220;Puede haber habido alg\u00fan error de un lado, pero del otro lado la reacci\u00f3n fue tan desproporcionada que sorprende&#8221;.<\/p>\n<p>\u201cEs una cuesti\u00f3n que me sorprendi\u00f3, porque era un comentario en donde no se nombra a nadie en particular. No fue un agravio a Espa\u00f1a, ni siquiera un agravio a una persona. Pero cada uno interpreta lo que quiere\u201d, dijo al sostener que se trata de un &#8220;conflicto personal&#8221; entre Milei y el l\u00edder del PSOE (Partido Socialista Obrero Espa\u00f1ol).<\/p>\n<p>Seg\u00fan informa la agenda oficial de la C\u00e1mara alta, la exposici\u00f3n de la Canciller se realizar\u00e1 en el \u00e1mbito de la Comisi\u00f3n de Relaciones Exteriores y Culto que preside el senador libertario, Francisco Paoltroni, y tambi\u00e9n podr\u00eda incluir consultas sobre las relaciones con Estados Unidos, Brasil, Colombia, China e Israel.<\/p>\n<p>&nbsp;<\/p>\n<p><strong>Una visita anterior de Mondino al Senado<\/strong><\/p>\n<p>La exposici\u00f3n de este martes no ser\u00e1 la primera vez que Mondino pise los pasillos de la C\u00e1mara de Senadores. A finales de marzo, y de manera personal, la funcionaria se present\u00f3 con el fin de destrabar el pliego del (ahora) embajador argentino en el Estado de Israel, Axel Wahnish.<\/p>\n<p>Fue luego de que un grupo de senadores, encabezados por el presidente de la Uni\u00f3n C\u00edvica Radical (UCR), Mart\u00edn Lousteau, cuestionara fuertemente la idea que Javier Milei plante\u00f3 de mudar la Embajada Argentina de Tel Aviv a Jerusal\u00e9n.<\/p>\n","protected":false},"excerpt":{"rendered":"<p>La Canciller expondr\u00e1 este martes en la Comisi\u00f3n de Relaciones Exteriores y Culto, en medio de la crisis diplom\u00e1tica con el Gobierno de Pedro S\u00e1nchez y una denuncia por el viaje del mandatario argentino a Madrid &nbsp; &nbsp; Mientras el presidente Javier Milei se encuentra en una nueva gira internacional, la ministra de Relaciones Exteriores, Diana Mondino, se presenta este martes en el Senado de la Naci\u00f3n desde las 16 horas para exponer acerca de la pol\u00edtica exterior del Gobierno, con eje en el reciente conflicto diplom\u00e1tico entre la Argentina&#8230;<\/p>\n","protected":false},"author":3,"featured_media":115195,"comment_status":"closed","ping_status":"closed","sticky":false,"template":"","format":"standard","meta":[],"categories":[18],"tags":[],"_links":{"self":[{"href":"https:\/\/www.actualidadadiario.com\/index.php\/wp-json\/wp\/v2\/posts\/115194"}],"collection":[{"href":"https:\/\/www.actualidadadiario.com\/index.php\/wp-json\/wp\/v2\/posts"}],"about":[{"href":"https:\/\/www.actualidadadiario.com\/index.php\/wp-json\/wp\/v2\/types\/post"}],"author":[{"embeddable":true,"href":"https:\/\/www.actualidadadiario.com\/index.php\/wp-json\/wp\/v2\/users\/3"}],"replies":[{"embeddable":true,"href":"https:\/\/www.actualidadadiario.com\/index.php\/wp-json\/wp\/v2\/comments?post=115194"}],"version-history":[{"count":1,"href":"https:\/\/www.actualidadadiario.com\/index.php\/wp-json\/wp\/v2\/posts\/115194\/revisions"}],"predecessor-version":[{"id":115196,"href":"https:\/\/www.actualidadadiario.com\/index.php\/wp-json\/wp\/v2\/posts\/115194\/revisions\/115196"}],"wp:featuredmedia":[{"embeddable":true,"href":"https:\/\/www.actualidadadiario.com\/index.php\/wp-json\/wp\/v2\/media\/115195"}],"wp:attachment":[{"href":"https:\/\/www.actualidadadiario.com\/index.php\/wp-json\/wp\/v2\/media?parent=115194"}],"wp:term":[{"taxonomy":"category","embeddable":true,"href":"https:\/\/www.actualidadadiario.com\/index.php\/wp-json\/wp\/v2\/categories?post=115194"},{"taxonomy":"post_tag","embeddable":true,"href":"https:\/\/www.actualidadadiario.com\/index.php\/wp-json\/wp\/v2\/tags?post=115194"}],"curies":[{"name":"wp","href":"https:\/\/api.w.org\/{rel}","templated":true}]}}