{"id":115189,"date":"2024-05-28T11:53:40","date_gmt":"2024-05-28T14:53:40","guid":{"rendered":"https:\/\/www.actualidadadiario.com\/?p=115189"},"modified":"2024-05-28T11:53:40","modified_gmt":"2024-05-28T14:53:40","slug":"francos-confirmo-que-le-crearan-un-ministerio-a-sturzenegger","status":"publish","type":"post","link":"https:\/\/www.actualidadadiario.com\/index.php\/2024\/05\/28\/francos-confirmo-que-le-crearan-un-ministerio-a-sturzenegger\/","title":{"rendered":"Francos confirm\u00f3 que le crear\u00e1n un ministerio a Sturzenegger"},"content":{"rendered":"<p style=\"text-align: center;\"><em><strong>Despu\u00e9s de meses como asesor en las sombras, el ex funcionario macrista ser\u00e1 blanqueado por Milei en una nueva cartera vinculada a la &#8220;desregulaci\u00f3n&#8221; de la econom\u00eda<\/strong><\/em><\/p>\n<p>&nbsp;<\/p>\n<p>&nbsp;<\/p>\n<p>Despu\u00e9s de casi seis meses como asesor en las sombras, en los pr\u00f3ximos d\u00edas Federico Sturzenegger ingresar\u00e1 formalmente al Gabinete en un ministerio que le ser\u00e1 creado especialmente.<\/p>\n<p>La incorporaci\u00f3n de Sturzenegger como ministro hab\u00eda sido adelantada la semana pasada por Javier Milei, pero sus dichos dejaron m\u00e1s dudas que certezas y encendieron alarmas en el equipo de Luis &#8220;Toto&#8221; Caputo. En los d\u00edas siguientes, el Presidente se encarg\u00f3 de mimar al ministro de Econom\u00eda con varios gestos de respaldo e incluso lo hizo ovacionar en el acto del 25 de mayo.<\/p>\n<p>Sturzenegger estar\u00e1 al frente de un ministerio vinculado a la simplificaci\u00f3n y desregulaci\u00f3n de la econom\u00eda y del Estado, una tem\u00e1tica en la que el ex funcionario macrista ya incursion\u00f3 con el mega DNU y la ley \u00f3mnibus.<\/p>\n<p>Milei hab\u00eda dicho que la incorporaci\u00f3n de Sturzenegger ser\u00eda despu\u00e9s de aprobada la ley bases, pero la abrupta salida de Nicol\u00e1s Posse aceler\u00f3 los tiempos y ahora Guillermo Francos dijo que se dar\u00e1 &#8220;en los pr\u00f3ximos d\u00edas&#8221;.<\/p>\n<p>&#8220;Va a ser ministro de Gabinete. Todav\u00eda no est\u00e1 definido el nombre del cargo, pero va a ser un cargo que tenga algo que ver con la desregulaci\u00f3n fundamentalmente&#8221;, adelant\u00f3 Francos en una entrevista en radio Rivadavia.<\/p>\n<p>Francos aclar\u00f3 que el ingreso de Sturzenegger no implica la salida de Caputo ni del presidente del Banco Central, Santiago Bausili. El flamante jefe de gabinete dijo que son &#8220;dos cargos que est\u00e1n muy firmes&#8221; y que Milei &#8220;est\u00e1 muy satisfecho con la gesti\u00f3n&#8221;.<\/p>\n<p>&#8220;Lo que quiere es incorporar al Gabinete una persona que sea capaz de analizar todas las regulaciones argentinas y discutir con todos los miembros del Gabinete su visi\u00f3n sobre lo que tiene que ser el proceso de simplificaci\u00f3n y desregulaci\u00f3n de nuestra compleja normativa p\u00fablica&#8221;, complet\u00f3.<\/p>\n","protected":false},"excerpt":{"rendered":"<p>Despu\u00e9s de meses como asesor en las sombras, el ex funcionario macrista ser\u00e1 blanqueado por Milei en una nueva cartera vinculada a la &#8220;desregulaci\u00f3n&#8221; de la econom\u00eda &nbsp; &nbsp; Despu\u00e9s de casi seis meses como asesor en las sombras, en los pr\u00f3ximos d\u00edas Federico Sturzenegger ingresar\u00e1 formalmente al Gabinete en un ministerio que le ser\u00e1 creado especialmente. La incorporaci\u00f3n de Sturzenegger como ministro hab\u00eda sido adelantada la semana pasada por Javier Milei, pero sus dichos dejaron m\u00e1s dudas que certezas y encendieron alarmas en el equipo de Luis &#8220;Toto&#8221; Caputo&#8230;.<\/p>\n","protected":false},"author":3,"featured_media":115072,"comment_status":"closed","ping_status":"closed","sticky":false,"template":"","format":"standard","meta":[],"categories":[18],"tags":[],"_links":{"self":[{"href":"https:\/\/www.actualidadadiario.com\/index.php\/wp-json\/wp\/v2\/posts\/115189"}],"collection":[{"href":"https:\/\/www.actualidadadiario.com\/index.php\/wp-json\/wp\/v2\/posts"}],"about":[{"href":"https:\/\/www.actualidadadiario.com\/index.php\/wp-json\/wp\/v2\/types\/post"}],"author":[{"embeddable":true,"href":"https:\/\/www.actualidadadiario.com\/index.php\/wp-json\/wp\/v2\/users\/3"}],"replies":[{"embeddable":true,"href":"https:\/\/www.actualidadadiario.com\/index.php\/wp-json\/wp\/v2\/comments?post=115189"}],"version-history":[{"count":1,"href":"https:\/\/www.actualidadadiario.com\/index.php\/wp-json\/wp\/v2\/posts\/115189\/revisions"}],"predecessor-version":[{"id":115190,"href":"https:\/\/www.actualidadadiario.com\/index.php\/wp-json\/wp\/v2\/posts\/115189\/revisions\/115190"}],"wp:featuredmedia":[{"embeddable":true,"href":"https:\/\/www.actualidadadiario.com\/index.php\/wp-json\/wp\/v2\/media\/115072"}],"wp:attachment":[{"href":"https:\/\/www.actualidadadiario.com\/index.php\/wp-json\/wp\/v2\/media?parent=115189"}],"wp:term":[{"taxonomy":"category","embeddable":true,"href":"https:\/\/www.actualidadadiario.com\/index.php\/wp-json\/wp\/v2\/categories?post=115189"},{"taxonomy":"post_tag","embeddable":true,"href":"https:\/\/www.actualidadadiario.com\/index.php\/wp-json\/wp\/v2\/tags?post=115189"}],"curies":[{"name":"wp","href":"https:\/\/api.w.org\/{rel}","templated":true}]}}