{"id":115186,"date":"2024-05-28T11:53:05","date_gmt":"2024-05-28T14:53:05","guid":{"rendered":"https:\/\/www.actualidadadiario.com\/?p=115186"},"modified":"2024-05-28T11:53:05","modified_gmt":"2024-05-28T14:53:05","slug":"primera-jornada-de-francos-como-jefe-de-gabinete-conferencia-reuniones-y-visita-al-senado","status":"publish","type":"post","link":"https:\/\/www.actualidadadiario.com\/index.php\/2024\/05\/28\/primera-jornada-de-francos-como-jefe-de-gabinete-conferencia-reuniones-y-visita-al-senado\/","title":{"rendered":"Primera jornada de Francos como Jefe de Gabinete: conferencia, reuniones y visita al Senado"},"content":{"rendered":"<p style=\"text-align: center;\"><em><strong>El funcionario asumi\u00f3 las funciones, encabez\u00f3 una reuni\u00f3n de Gabinete y dio su primera conferencia de prensa en el sal\u00f3n &#8220;H\u00e9roes de Malvinas&#8221; de la Casa Rosada<\/strong><\/em><\/p>\n<p>&nbsp;<\/p>\n<p>&nbsp;<\/p>\n<p>El nuevo jefe de Gabinete de la Naci\u00f3n, Guillermo Francos, inici\u00f3 su jornada en el nuevo cargo con una nutrida agenda. Tras la salida de Nicol\u00e1s Posse, el flamante jefe de ministros encabez\u00f3 su primera reuni\u00f3n con funcionarios y brind\u00f3 una conferencia de prensa en el Sal\u00f3n H\u00e9roes de Malvinas de Casa Rosada.<\/p>\n<p>En tanto, este mediod\u00eda mantendr\u00e1 un encuentro con la titular del Senado, Victoria Villarruel, y los bloques dialoguistas para avanzar sobre los principales puntos conflictivos de la ley Bases. Con el objetivo de poder emitir dictamen esta semana, el oficialismo accedi\u00f3 a introducir los cambios pedidos por la oposici\u00f3n en la ley Bases y en el paquete fiscal.<\/p>\n<p>Con el presidente Javier Milei en viaje a San Francisco, Estados Unidos, y luego de la desordenada salida de Posse, Francos coordina el intercambio informal con la parcialidad del equipo que desde temprano lo espera en el Sal\u00f3n Eva Per\u00f3n y activa la transici\u00f3n junto a su antecesor Posse.<\/p>\n<p>El primero en llegar fue el titular del Banco Central, Santiago Bausili, casi escoltado por el ministro de Salud, Mario Russo pasadas las 8. Desfilaron tambi\u00e9n por la explanada Patricia Bullrich (Seguridad), Luis Petri (Defensa), Mario C\u00faneo Libarona (Defensa), Sandra Pettovello (Capital Humano), Diana Mondino (Relaciones Exteriores, Comercio Internacional y Culto), y el secretario de Finanzas, Pablo Quirno.<\/p>\n<p>El \u00fanico ausente es Luis \u201cToto\u201d Caputo (Econom\u00eda), forma parte de la delegaci\u00f3n presidencial que acompa\u00f1a al mandatario en su salida internacional.<\/p>\n<p>Completaron la lista de presentes el vocero presidencial, Manuel Adorni; el secretario de Legal y T\u00e9cnica, Javier Herrera Bravo; el secretario Ejecutivo de Gobierno de la Jefatura de Gabinete, Jos\u00e9 Rolandi, que continuar\u00e1 en funciones por pedidos del Presidente, y el asesor presidencial, Santiago Caputo.<\/p>\n<p>Este martes 28 de mayo el Gobierno oficializ\u00f3 en el Bolet\u00edn Oficial la salida de Nicol\u00e1s Posse de la Jefatura de Gabinete y la designaci\u00f3n de Francos en su reemplazo. Aunque los cambios se ven\u00edan rumoreando desde hac\u00eda varios d\u00edas y terminaron de confirmarse en la noche del pasado lunes con un comunicado oficial, la formalizaci\u00f3n termin\u00f3 de concretarse este martes con la publicaci\u00f3n de los respectivos decretos.<\/p>\n<p>A trav\u00e9s del decreto 471\/2024, el presidente Javier Milei primero acept\u00f3 la renuncia de Francos como ministro del Interior y mediante el 472 hizo lo propio con la dimisi\u00f3n de Posse como jefe de Gabinete y, en ese mismo texto, design\u00f3 al exdiputado nacional como nuevo ministro coordinador. En lugar de Francos ir\u00e1 su actual vice, Lisandro Catalano, pero como secretario, porque Interior dejar\u00e1 de ser un Ministerio.<\/p>\n<p>En tanto, con el decreto 474\/2024, el jefe de Estado dio curso a la salida de Silvestre S\u00edvori, un hombre de Posse, como director ejecutivo de la Agencia Federal de Inteligencia (AFI).<\/p>\n<p>Guillermo Francos encabez\u00f3 su primera conferencia de prensa como Jefe de Gabinete<\/p>\n<p>&#8220;Es una nueva etapa de una gesti\u00f3n que contin\u00faa. Hoy me toca a m\u00ed&#8221;, expres\u00f3 como primeras palabras el funcionario del Gobierno de La Libertad Avanza (LLA).<\/p>\n<p>&#8220;En primer lugar, no me gusta la palabra echar. Yo creo que hay etapas que se cumplen y pueden haber cambios de gestiones. El jefe de Gabinete present\u00f3 su renuncia y no hay ninguna cuesti\u00f3n en esto pendiente. Yo no me gu\u00edo por versiones, si alguien tiene algo para decir, que lo diga donde corresponde&#8221;, expres\u00f3 al ser consultado por la salida de Nicol\u00e1s Posse.<\/p>\n<p>Sobre el futuro del Ministerio del Interior, que ser\u00eda reducida al rango de secretar\u00eda, Francos se\u00f1al\u00f3 que &#8220;el presidente me ha pedido que me haga cargo dentro de la Jefatura de Gabinete de las funciones del Ministerio del Interior, y el secretario del interior, Lisandro Catal\u00e1n, va a pasar a depender del Gabinete. Vamos a seguir trabajando como venimos haci\u00e9ndolo hasta ahora&#8221;.<\/p>\n<p>En la conferencia, el funcionario de La Libertad Avanza (LLA) se refiri\u00f3 al futuro del funcionario saliente Nicol\u00e1s Posse. &#8220;Yo tengo una relaci\u00f3n con \u00e9l desde hace mucho tiempo. Creo que es una persona valiosa y que puede cumplir otras funciones para el Gobierno en el \u00e1rea que encontremos y acordemos con \u00e9l en los pr\u00f3ximos d\u00edas. \u00c9l sigue perteneciendo a este espacio y sigue apoyando al presidente de la Rep\u00fablica desde el lugar que le toque&#8221;.<\/p>\n<p>&#8220;Es la primera vez que hay un presidente ministro de Econom\u00eda, el Presidente est\u00e1 consustanciado con el ministro. Todo su equipo entendemos que los primeros temas que hab\u00eda que encarar era la macroeconom\u00eda que hab\u00eda sido recibida en un caos muy grande. Eso se est\u00e1 ordenando y a partir de ah\u00ed ya est\u00e1 comenzando el per\u00edodo de reactivaci\u00f3n de la econom\u00eda&#8221;, dijo el nuevo jefe de Gabinete en un an\u00e1lisis sobre el contexto econ\u00f3mico actual.<\/p>\n<p>&nbsp;<\/p>\n<p><strong>Manuel Adorni suspendi\u00f3 su conferencia de prensa<\/strong><\/p>\n<p>El vocero de la presidencia, Manuel Adorni, suspendi\u00f3 su habitual conferencia de prensa de este martes ante los cambios en el Gabinete y la presencia de Guillermo Francos ante los medios.<\/p>\n<p>En paralelo, Francos encabez\u00f3 la primera reuni\u00f3n de Gabinete, ubicado en la cabecera de la mesa, junto a los ministros de Javier Milei.<\/p>\n","protected":false},"excerpt":{"rendered":"<p>El funcionario asumi\u00f3 las funciones, encabez\u00f3 una reuni\u00f3n de Gabinete y dio su primera conferencia de prensa en el sal\u00f3n &#8220;H\u00e9roes de Malvinas&#8221; de la Casa Rosada &nbsp; &nbsp; El nuevo jefe de Gabinete de la Naci\u00f3n, Guillermo Francos, inici\u00f3 su jornada en el nuevo cargo con una nutrida agenda. Tras la salida de Nicol\u00e1s Posse, el flamante jefe de ministros encabez\u00f3 su primera reuni\u00f3n con funcionarios y brind\u00f3 una conferencia de prensa en el Sal\u00f3n H\u00e9roes de Malvinas de Casa Rosada. En tanto, este mediod\u00eda mantendr\u00e1 un encuentro con&#8230;<\/p>\n","protected":false},"author":3,"featured_media":115187,"comment_status":"closed","ping_status":"closed","sticky":false,"template":"","format":"standard","meta":[],"categories":[18],"tags":[],"_links":{"self":[{"href":"https:\/\/www.actualidadadiario.com\/index.php\/wp-json\/wp\/v2\/posts\/115186"}],"collection":[{"href":"https:\/\/www.actualidadadiario.com\/index.php\/wp-json\/wp\/v2\/posts"}],"about":[{"href":"https:\/\/www.actualidadadiario.com\/index.php\/wp-json\/wp\/v2\/types\/post"}],"author":[{"embeddable":true,"href":"https:\/\/www.actualidadadiario.com\/index.php\/wp-json\/wp\/v2\/users\/3"}],"replies":[{"embeddable":true,"href":"https:\/\/www.actualidadadiario.com\/index.php\/wp-json\/wp\/v2\/comments?post=115186"}],"version-history":[{"count":1,"href":"https:\/\/www.actualidadadiario.com\/index.php\/wp-json\/wp\/v2\/posts\/115186\/revisions"}],"predecessor-version":[{"id":115188,"href":"https:\/\/www.actualidadadiario.com\/index.php\/wp-json\/wp\/v2\/posts\/115186\/revisions\/115188"}],"wp:featuredmedia":[{"embeddable":true,"href":"https:\/\/www.actualidadadiario.com\/index.php\/wp-json\/wp\/v2\/media\/115187"}],"wp:attachment":[{"href":"https:\/\/www.actualidadadiario.com\/index.php\/wp-json\/wp\/v2\/media?parent=115186"}],"wp:term":[{"taxonomy":"category","embeddable":true,"href":"https:\/\/www.actualidadadiario.com\/index.php\/wp-json\/wp\/v2\/categories?post=115186"},{"taxonomy":"post_tag","embeddable":true,"href":"https:\/\/www.actualidadadiario.com\/index.php\/wp-json\/wp\/v2\/tags?post=115186"}],"curies":[{"name":"wp","href":"https:\/\/api.w.org\/{rel}","templated":true}]}}