{"id":115183,"date":"2024-05-28T11:51:02","date_gmt":"2024-05-28T14:51:02","guid":{"rendered":"https:\/\/www.actualidadadiario.com\/?p=115183"},"modified":"2024-05-28T11:51:02","modified_gmt":"2024-05-28T14:51:02","slug":"milei-inicia-su-cuarta-visita-a-eeuu-donde-se-reunira-con-lideres-de-las-gigantes-tecnologicas","status":"publish","type":"post","link":"https:\/\/www.actualidadadiario.com\/index.php\/2024\/05\/28\/milei-inicia-su-cuarta-visita-a-eeuu-donde-se-reunira-con-lideres-de-las-gigantes-tecnologicas\/","title":{"rendered":"Milei inicia su cuarta visita a EEUU donde se reunir\u00e1 con l\u00edderes de las gigantes tecnol\u00f3gicas"},"content":{"rendered":"<p style=\"text-align: center;\"><em><strong>\u201cQueremos hacer un polo de inteligencia artificial en la Argentina\u201d hab\u00eda dicho el Presidente d\u00edas atr\u00e1s. Por eso va a San Francisco y tendr\u00e1 encuentros con el CEO de Meta, el empresario Mark Zuckerberg; con el CEO de Google, Sundar Pichai; con el director ejecutivo de Apple, Timothy Cook; y con otros \u201c30 empresarios e inversores ligados a la inteligencia artificial\u201d. Despu\u00e9s, viajar\u00e1 a El Salvador para participar en la asunci\u00f3n del segundo mandato de Nayib Bukele, que ser\u00e1 el 1 de junio. Tambi\u00e9n disertar\u00e1 en la Universidad de Stanford y se ver\u00e1 con Condolezza Rice<\/strong><\/em><\/p>\n<p>&nbsp;<\/p>\n<p>&nbsp;<\/p>\n<p>En medio de cambios trascendentes en su Gabinete, con la salida de Nicol\u00e1s Posse, el movimiento estrat\u00e9gico de Guillermo Franco a Jefatura de Gabinete y el inminente desembarco de Federico Sturzenegger como funcionario oficial del Gobierno libertario, el presidente Javier Milei comienza este martes su cuarta visita a Estados Unidos en lo que va de su gesti\u00f3n con encuentros con los CEO\u00b4s de las principales empresas tecnol\u00f3gicas, y que tambi\u00e9n incluir\u00e1 en su agenda un fugaz paso por El Salvador para asistir a la ceremonia de asunci\u00f3n del presidente Nayib Bukele.<\/p>\n<p>Est\u00e1 previsto que la delegaci\u00f3n presidencial a bordo del ARG 01, compuesta por Milei; la secretaria general de la Presidencia, Karina Milei; el ministro de Econom\u00eda, Luis \u201cToto\u201d Caputo; y Demian Reidel, titular del Consejo de Asesores Econ\u00f3micos del Presidente, aterrice en el Aeropuerto Internacional de San Francisco a las 13:15 (hora argentina).<\/p>\n<p>Sin visitas programadas con funcionarios del Gobierno de Joe Biden, el jefe de Estado se reunir\u00e1 a las 21 con el CEO de Open AI, Sam Altman, como \u00fanica actividad en este martes.<\/p>\n<p>Este mi\u00e9rcoles, el libertario disertar\u00e1 en la Instituci\u00f3n Hoover de la Universidad de Stanford, un think tank conservador que promueve la libertad individual y econ\u00f3mica, la libre empresa y el capitalismo. All\u00ed, adem\u00e1s se entrevistar\u00e1 con el rector de la casa de altos estudios, Richard Saller, y con la directora de la instituci\u00f3n, Condolezza Rice, ex secretaria de Estado en el Gobierno de George Bush (h).<\/p>\n<p>Pasado el mediod\u00eda, protagonizar\u00e1 un intercambio con profesores y expertos en pol\u00edtica econ\u00f3mica, para luego reunirse con el CEO de Google, Sundar Pichai.<\/p>\n<p>A las 18, har\u00e1 lo propio con el director ejecutivo de Apple, Timothy Cook, y al t\u00e9rmino se reunir\u00e1 con un grupo de treinta empresarios e inversores especialistas en el desarrollo de la Inteligencia Artificial.<\/p>\n<p>El jueves, Milei expondr\u00e1 en el cierre de la cumbre tecnol\u00f3gica Pacific Summit que se realizar\u00e1 en el Teatro Montgomery del centro de San Jos\u00e9, organizado por Bay Area Council: all\u00ed se espera que haga eco de las ideas sobre las conexiones entre la Argentina y las industrias de tecnolog\u00eda e innovaci\u00f3n.<\/p>\n<p>Ese d\u00eda tambi\u00e9n tiene previsto visitar a empresarios de Startups del sector de la Inteligencia Artificial y m\u00e1s tarde concretar\u00e1 la reuni\u00f3n con el CEO de Meta, Mark Zuckerberg.<\/p>\n<p>El objetivo que tiene el mandatario entre ceja y ceja es la posibilidad de conseguir inversiones y apoyos para convertir a la Argentina en un polo tecnol\u00f3gico de desarrollo de Inteligencia Artificial.<\/p>\n<p>Al d\u00eda siguiente, Milei viajar\u00e1 a El Salvador, donde el 1\u00b0 de junio estar\u00e1 presente en la asunci\u00f3n de su par salvadore\u00f1o Nayib Bukele, reelecto con el 85% de los votos.<\/p>\n<p>&nbsp;<\/p>\n<p><strong>Los viajes anteriores<\/strong><\/p>\n<p>A trav\u00e9s de un pedido de acceso a la informaci\u00f3n p\u00fablica, el sitio Chequeado.com solicit\u00f3 un listado de los viajes realizados por el presidente desde el 10 de diciembre hasta mediados de marzo, los destinos de cada viaje, si se trat\u00f3 de un viaje oficial o no, la cantidad de personas que formaron parte de la comitiva, el costo total del viaje y qui\u00e9n se hizo cargo de los mismos. La respuesta de la Subsecretar\u00eda de Asuntos Presidenciales incluye s\u00f3lo los viajes oficiales, es decir, los que tienen actividad o agenda oficial.<\/p>\n<p>A esa respuesta se le sumaron, para el an\u00e1lisis, los viajes mencionados por el ahora exjefe de Gabinete, Nicol\u00e1s Posse, en su informe ante el Senado del mi\u00e9rcoles 15 de mayo, los anuncios a trav\u00e9s de la p\u00e1gina web de Casa Rosada y las notas en medios period\u00edsticos.<\/p>\n<p>Este relevamiento arroj\u00f3 que Milei realiz\u00f3 7 viajes al exterior entre diciembre de 2023 y mayo de 2024, y recorrer\u00e1 143.549 kil\u00f3metros (sumando este nuevo viaje a los Estados Unidos y El Salvador). De esta manera, en total, permanecer\u00e1 casi un mes fuera del pa\u00eds.<\/p>\n<p>El primer viaje al exterior fue al Foro Econ\u00f3mico Mundial de Davos, en Suiza, el 15 de enero, y volvi\u00f3 el 19 de ese mes. Lo acompa\u00f1\u00f3 una comitiva de 13 personas.<\/p>\n<p>En su segundo viaje al exterior estuvo en Israel, Italia y el Vaticano, entre el 5 y el 13 de febrero. Seg\u00fan la respuesta al pedido de acceso a la informaci\u00f3n p\u00fablica realizado por Chequeado, nuevamente lo acompa\u00f1\u00f3 una comitiva de 13 personas.<\/p>\n<p>En el marco de ese viaje, el 12 de febrero se reuni\u00f3 con el Papa Francisco en el Vaticano.<\/p>\n<p>El tercer viaje fue el 23 de febrero a los Estados Unidos. Dur\u00f3 3 d\u00edas y se encontr\u00f3 con el ex presidente estadounidense Donald Trump.<\/p>\n<p>Milei viaj\u00f3 a Washington D.C. a disertar en la Conferencia Pol\u00edtica de Acci\u00f3n Conservadora (CPAC). Estuvo acompa\u00f1ado por una comitiva de 12 personas: Karina Milei, la ministra de Seguridad Patricia Bullrich, 2 funcionarios de Casa Militar, el jefe de la Custodia Presidencial, 2 custodios presidenciales, el m\u00e9dico, el int\u00e9rprete, el subsecretario de Asuntos Presidenciales, el director general de Ceremonial, y su documentalista y ahora funcionario, Santiago Or\u00eda.<\/p>\n<p>Luego volvi\u00f3 a viajar a los Estados Unidos, esta vez a Miami y a Texas, el 10 de abril. En la primera ciudad, para recibir la distinci\u00f3n, junto a su hermana y secretaria general de la Presidencia, Karina Milei, de \u201cembajadores internacionales de la luz\u201d por parte de la organizaci\u00f3n Jabad Lubavitch, y en la segunda, para reunirse con el empresario Elon Musk en la f\u00e1brica de Tesla. En esta ocasi\u00f3n estuvo 4 d\u00edas en Norteam\u00e9rica.<\/p>\n<p>En la conferencia de prensa del 16 de abril, el vocero presidencial anunci\u00f3 que Milei dejar\u00eda de usar vuelos comerciales para sus viajes: \u201cEl Ministerio de Seguridad nos advirti\u00f3 sobre ciertos riesgos que existen en que el Presidente de la Naci\u00f3n siga volando en vuelos comerciales, comunes\u201d, advirti\u00f3 Adorni. Por lo que a partir de esa fecha, Milei comenz\u00f3 a viajar en el avi\u00f3n presidencial ARG-01, un Boeing 757-256 adquirido durante la gesti\u00f3n de Alberto Fern\u00e1ndez (Frente de Todos).<\/p>\n<p>El 6 de mayo, a menos de un mes de haber vuelto, emprendi\u00f3 un nuevo viaje a los Estados Unidos, esta vez a Los \u00c1ngeles, donde permaneci\u00f3 tres d\u00edas. All\u00ed, se volvi\u00f3 a reunir con Musk y disert\u00f3 ante empresarios y financistas en la conferencia global de inversores del Instituto Milken.<\/p>\n<p>El \u00faltimo viaje al exterior del Presidente fue del 17 al 19 de mayo a Espa\u00f1a para presentar su libro \u201cCapitalismo, socialismo y la trampa neocl\u00e1sica\u201d y participar de un acto del partido Vox. En su discurso apunt\u00f3 contra el presidente de Espa\u00f1a, Pedro S\u00e1nchez, y su esposa, Bego\u00f1a G\u00f3mez -a quien tild\u00f3 de \u201ccorrupta\u201d- lo que desat\u00f3 tensiones diplom\u00e1ticas entre ambos pa\u00edses.<\/p>\n<p>En esta oportunidad, Milei parti\u00f3 este lunes 27 de mayo por la noche rumbo a San Francisco, se prev\u00e9 que permanecer\u00e1 hasta el viernes 31 en EEUU y luego volar\u00e1 a El Salvador. En total, el viaje ser\u00e1 de 5 d\u00edas.<\/p>\n<p>&nbsp;<\/p>\n<p><strong>\u00bfQui\u00e9n pag\u00f3 y cu\u00e1nto costaron esos viajes?<\/strong><\/p>\n<p>De acuerdo a la respuesta al pedido de acceso a la informaci\u00f3n p\u00fablica realizado por Chequeado, en los viajes al exterior de los primeros 3 meses, el Estado nacional gast\u00f3 casi $ 169 millones ($ 168.851.040,15).<\/p>\n<p>Esto incluye s\u00f3lo los viajes a Suiza, Italia, Israel y Estados Unidos (s\u00f3lo el primero). Este medio realiz\u00f3 otro pedido de acceso a la informaci\u00f3n p\u00fablica para conocer las cifras de los \u00faltimos viajes, pero hasta el momento del cierre de esa nota el mismo no fue respondido.<\/p>\n<p>Seg\u00fan indic\u00f3 Posse en su informe ante el Senado, en el viaje de febrero a Israel, \u201cel gobierno israel\u00ed provey\u00f3 de cortes\u00eda el alojamiento del Presidente y la comitiva oficial, como as\u00ed tambi\u00e9n el veh\u00edculo para el Primer Mandatario\u201d.<\/p>\n<p>Adem\u00e1s, explic\u00f3 que entre los viajes a Washington y a Israel e Italia se gastaron $144.796.978,14. El n\u00famero difiere del respondido al pedido de acceso, que indicaba un gasto de $ 132.237.048 por esos 2 viajes. Por lo tanto, el monto dado por el exjefe de Gabinete Posse es de $12.000.000 m\u00e1s al que se respondi\u00f3 a Chequeado.<\/p>\n<p>Pr\u00f3ximos viajes<\/p>\n<p>Una vez finalizado el \u00faltimo tramo de esta gira de Milei, con la asunci\u00f3n de Bukele, el Presidente volver\u00e1 al pa\u00eds. El 13 de junio viajar\u00e1 a Italia, invitado por la primera ministra Giorgia Meloni, para participar de la Cumbre del G7, conformado, adem\u00e1s del pa\u00eds anfitri\u00f3n, por Estados Unidos, Alemania, Jap\u00f3n, Canad\u00e1, Francia y Reino Unido.<\/p>\n<p>Despu\u00e9s de su estad\u00eda en tierras italianas, Milei volver\u00e1 a pisar Madrid con los cruces con el presidente espa\u00f1ol, Pedro S\u00e1nchez, todav\u00eda frescos. All\u00ed, recibir\u00e1 el \u201cPremio Instituto Juan Mariana 2024 a una defensa ejemplar de las ideas de la libertad\u201d en el acto que se realizar\u00e1 en la Cena de la Libertad el pr\u00f3ximo 21 de junio en el Casino de la ciudad. Adem\u00e1s de a Milei, el premio ser\u00e1 entregado este a\u00f1o al economista argentino Alberto Benegas Lynch (h), padre del diputado libertario; al economista Jes\u00fas Huerta de Soto; al escritor Mario Vargas Llosa; al economista espa\u00f1ol Miguel Anxo Bastos; al economista argentino residente en Espa\u00f1a Carlos Rodr\u00edguez Braun; al fil\u00f3sofo y jurista espa\u00f1ol Antonio Escohotado, fallecido en 2021; al periodista, escritor y pol\u00edtico cubano Carlos Alberto Montaner, quien muri\u00f3 en 2023, y al pol\u00edtico liberal h\u00fangaro Anthony de Jasay, fallecido en 2019.<\/p>\n<p>Acto seguido, el mandatario argentino ir\u00e1 rumbo a Hamburgo, Alemania, en la que ser\u00e1 uno de los protagonistas de la ceremonia anual de la Sociedad Hayek y recibir\u00e1 la Medalla Friedrich von Hayek (Premio Nobel de Econom\u00eda de 1974). De all\u00ed, Milei tiene la intenci\u00f3n de partir rumbo a Berl\u00edn para tener una reuni\u00f3n con el canciller alem\u00e1n, Olaf Scholz.<\/p>\n<p>Adem\u00e1s, est\u00e1 en negociaciones para confirmar otras reuniones en el extranjero: una visita a Francia para encontrarse con el presidente, Emmanuel Macron, y otro a Ucrania, para ver a su par, Volodomir Zelensky.<\/p>\n","protected":false},"excerpt":{"rendered":"<p>\u201cQueremos hacer un polo de inteligencia artificial en la Argentina\u201d hab\u00eda dicho el Presidente d\u00edas atr\u00e1s. Por eso va a San Francisco y tendr\u00e1 encuentros con el CEO de Meta, el empresario Mark Zuckerberg; con el CEO de Google, Sundar Pichai; con el director ejecutivo de Apple, Timothy Cook; y con otros \u201c30 empresarios e inversores ligados a la inteligencia artificial\u201d. Despu\u00e9s, viajar\u00e1 a El Salvador para participar en la asunci\u00f3n del segundo mandato de Nayib Bukele, que ser\u00e1 el 1 de junio. Tambi\u00e9n disertar\u00e1 en la Universidad de Stanford&#8230;<\/p>\n","protected":false},"author":3,"featured_media":115184,"comment_status":"closed","ping_status":"closed","sticky":false,"template":"","format":"standard","meta":[],"categories":[18],"tags":[],"_links":{"self":[{"href":"https:\/\/www.actualidadadiario.com\/index.php\/wp-json\/wp\/v2\/posts\/115183"}],"collection":[{"href":"https:\/\/www.actualidadadiario.com\/index.php\/wp-json\/wp\/v2\/posts"}],"about":[{"href":"https:\/\/www.actualidadadiario.com\/index.php\/wp-json\/wp\/v2\/types\/post"}],"author":[{"embeddable":true,"href":"https:\/\/www.actualidadadiario.com\/index.php\/wp-json\/wp\/v2\/users\/3"}],"replies":[{"embeddable":true,"href":"https:\/\/www.actualidadadiario.com\/index.php\/wp-json\/wp\/v2\/comments?post=115183"}],"version-history":[{"count":1,"href":"https:\/\/www.actualidadadiario.com\/index.php\/wp-json\/wp\/v2\/posts\/115183\/revisions"}],"predecessor-version":[{"id":115185,"href":"https:\/\/www.actualidadadiario.com\/index.php\/wp-json\/wp\/v2\/posts\/115183\/revisions\/115185"}],"wp:featuredmedia":[{"embeddable":true,"href":"https:\/\/www.actualidadadiario.com\/index.php\/wp-json\/wp\/v2\/media\/115184"}],"wp:attachment":[{"href":"https:\/\/www.actualidadadiario.com\/index.php\/wp-json\/wp\/v2\/media?parent=115183"}],"wp:term":[{"taxonomy":"category","embeddable":true,"href":"https:\/\/www.actualidadadiario.com\/index.php\/wp-json\/wp\/v2\/categories?post=115183"},{"taxonomy":"post_tag","embeddable":true,"href":"https:\/\/www.actualidadadiario.com\/index.php\/wp-json\/wp\/v2\/tags?post=115183"}],"curies":[{"name":"wp","href":"https:\/\/api.w.org\/{rel}","templated":true}]}}