{"id":115180,"date":"2024-05-28T11:49:53","date_gmt":"2024-05-28T14:49:53","guid":{"rendered":"https:\/\/www.actualidadadiario.com\/?p=115180"},"modified":"2024-05-28T11:49:53","modified_gmt":"2024-05-28T14:49:53","slug":"quien-es-lisandro-catalan-el-exfuncionario-de-alberto-fernandez-y-scioli-que-asumira-las-funciones-de-guillermo-francos","status":"publish","type":"post","link":"https:\/\/www.actualidadadiario.com\/index.php\/2024\/05\/28\/quien-es-lisandro-catalan-el-exfuncionario-de-alberto-fernandez-y-scioli-que-asumira-las-funciones-de-guillermo-francos\/","title":{"rendered":"Qui\u00e9n es Lisandro Catal\u00e1n, el exfuncionario de Alberto Fern\u00e1ndez y Scioli que asumir\u00e1 las funciones de Guillermo Francos"},"content":{"rendered":"<p style=\"text-align: center;\"><em><strong>El actual secretario del Interior cumplir\u00e1 las tareas del flamante jefe de Gabinete, con quien trabaj\u00f3 en la Fundaci\u00f3n Acordar y en el Banco Provincia durante la gesti\u00f3n de Daniel Scioli como gobernador bonaerense<\/strong><\/em><\/p>\n<p>&nbsp;<\/p>\n<p>&nbsp;<\/p>\n<p>&nbsp;<\/p>\n<p>La Oficina del Presidente Javier Milei inform\u00f3 este lunes que Nicol\u00e1s Posse renunci\u00f3 a la Jefatura de Gabinete y fue reemplazado por Guillermo Francos, hasta ese momento ministro del Interior. En ese marco, sus funciones y tareas quedaron a cargo de Lisandro Catal\u00e1n, hombre de su extrema confianza y que fue funcionario en la gesti\u00f3n de Alberto Fern\u00e1ndez.<\/p>\n<p>Catal\u00e1n es abogado por la Universidad de Tucum\u00e1n, provincia en la que naci\u00f3, y magister en la Gesti\u00f3n P\u00fablica por la Universidad Austral. Asumi\u00f3 como secretario del Interior el 10 de diciembre pasado por pedido de Francos, y ahora ser\u00e1 el encargado de encabezar el ministerio devenido Secretar\u00eda.<\/p>\n<p>El funcionario fue director nacional del Registro Nacional de Reincidencia del Ministerio de Justicia y Derechos Humanos durante el gobierno del Frente de Todos\/Uni\u00f3n por la Patria. Ingres\u00f3 bajo la gesti\u00f3n de Marcela Losardo y se mantuvo en el cargo cuando la exministra fue reemplazada por Mart\u00edn Soria.<\/p>\n<p>Como secretario del Interior, acompa\u00f1\u00f3 a Francos en casi todas las reuniones con gobernadores, senadores, diputados, y otros dirigentes pol\u00edticos, participando de las negociaciones que buscan la aprobaci\u00f3n de la &#8220;Ley Bases&#8221; en el Congreso. Adem\u00e1s, tiene una relaci\u00f3n cercana a Daniel Scioli, actual secretario de Turismo, Ambiente y Deporte, cuya gesti\u00f3n como gobernador bonaerense es parte de su v\u00ednculo con su &#8220;padrino pol\u00edtico&#8221;.<\/p>\n<p>El ahora Jefe de Gabinete fue representante de la Argentina ante el Banco Interamericano de Desarrollo (BID) en la gesti\u00f3n de Alberto Fern\u00e1ndez, y cuando se meti\u00f3 de lleno en la campa\u00f1a electoral para apoyar a Javier Milei convoc\u00f3 a Catal\u00e1n.<\/p>\n<p>Ahora, el enroque dentro del Gabinete fue confirmado mediante el comunicado N\u00b0 44 de la Oficina del Presidente de la Naci\u00f3n, luego de confirmar que Milei acept\u00f3 la renuncia de Posse por &#8220;la diferencia de criterios y expectativas en la marcha del Gobierno y las tareas encomendadas\u201d.<\/p>\n<p>&#8220;El Dr. Guillermo Francos asumir\u00e1 el cargo de Jefe de Gabinete de Ministros con el objetivo de brindar mayor volumen pol\u00edtico a la Jefatura de Gabinete. En ese marco, la Jefatura absorber\u00e1 las competencias del Ministerio del Interior en una Secretar\u00eda de Interior a cargo del Dr. Lisandro Catal\u00e1n&#8221;, indicaron.<\/p>\n<p>&nbsp;<\/p>\n<p><strong>La relaci\u00f3n de Catal\u00e1n con Francos y Scioli<\/strong><\/p>\n<p>El Secretario del Interior tiene una buena relaci\u00f3n con Scioli, la cual se fue profundizando cuando el exembajador en Brasil se sum\u00f3 a la cartera comandada por Francos, como secretario de Turismo.<\/p>\n<p>Durante la primera etapa del dirigente peronista gobernando la Provincia de Buenos, Catal\u00e1n y Francos trabajaron en el Banco Provincia entre 2006 y 2007, el primero como director de Mandatos y Negocios del Grupo Bapro y el segundo como Presidente de la instituci\u00f3n financiera. All\u00ed hab\u00eda ingresado de la mano de su padre, Juan Jos\u00e9 Catal\u00e1n, socio hist\u00f3rico del reemplazante de Posse.<\/p>\n<p>En 2012, el tucumano sigui\u00f3 al actual jefe de Gabinete cuando se cre\u00f3 el think tank Fundaci\u00f3n Acordar, fundado por Daniel Scioli, y del cual fue coordinador de equipos t\u00e9cnicos fiel a su perfil, precisamente m\u00e1s t\u00e9cnico que pol\u00edtico.<\/p>\n<p>Cabe recordar que Javier Milei, mucho antes de ser una figura que irrumpi\u00f3 en los medios de comunicaci\u00f3n con sus an\u00e1lisis econ\u00f3micos e histrionismo, lider\u00f3 entre 2012 y 2013 la divisi\u00f3n de Estudios Econ\u00f3micos de la Fundaci\u00f3n Acordar, y posteriormente asesor\u00f3 a Scioli de cara a la campa\u00f1a de 2015.<\/p>\n<p>Catal\u00e1n ingres\u00f3 al Registro Nacional de Reincidencia en 2016, durante el gobierno de Mauricio Macri, y en 2020 logr\u00f3 ser nombrado director del mismo por Losardo, ya en la gesti\u00f3n Fern\u00e1ndez.<\/p>\n","protected":false},"excerpt":{"rendered":"<p>El actual secretario del Interior cumplir\u00e1 las tareas del flamante jefe de Gabinete, con quien trabaj\u00f3 en la Fundaci\u00f3n Acordar y en el Banco Provincia durante la gesti\u00f3n de Daniel Scioli como gobernador bonaerense &nbsp; &nbsp; &nbsp; La Oficina del Presidente Javier Milei inform\u00f3 este lunes que Nicol\u00e1s Posse renunci\u00f3 a la Jefatura de Gabinete y fue reemplazado por Guillermo Francos, hasta ese momento ministro del Interior. En ese marco, sus funciones y tareas quedaron a cargo de Lisandro Catal\u00e1n, hombre de su extrema confianza y que fue funcionario en&#8230;<\/p>\n","protected":false},"author":3,"featured_media":115181,"comment_status":"closed","ping_status":"closed","sticky":false,"template":"","format":"standard","meta":[],"categories":[18],"tags":[],"_links":{"self":[{"href":"https:\/\/www.actualidadadiario.com\/index.php\/wp-json\/wp\/v2\/posts\/115180"}],"collection":[{"href":"https:\/\/www.actualidadadiario.com\/index.php\/wp-json\/wp\/v2\/posts"}],"about":[{"href":"https:\/\/www.actualidadadiario.com\/index.php\/wp-json\/wp\/v2\/types\/post"}],"author":[{"embeddable":true,"href":"https:\/\/www.actualidadadiario.com\/index.php\/wp-json\/wp\/v2\/users\/3"}],"replies":[{"embeddable":true,"href":"https:\/\/www.actualidadadiario.com\/index.php\/wp-json\/wp\/v2\/comments?post=115180"}],"version-history":[{"count":1,"href":"https:\/\/www.actualidadadiario.com\/index.php\/wp-json\/wp\/v2\/posts\/115180\/revisions"}],"predecessor-version":[{"id":115182,"href":"https:\/\/www.actualidadadiario.com\/index.php\/wp-json\/wp\/v2\/posts\/115180\/revisions\/115182"}],"wp:featuredmedia":[{"embeddable":true,"href":"https:\/\/www.actualidadadiario.com\/index.php\/wp-json\/wp\/v2\/media\/115181"}],"wp:attachment":[{"href":"https:\/\/www.actualidadadiario.com\/index.php\/wp-json\/wp\/v2\/media?parent=115180"}],"wp:term":[{"taxonomy":"category","embeddable":true,"href":"https:\/\/www.actualidadadiario.com\/index.php\/wp-json\/wp\/v2\/categories?post=115180"},{"taxonomy":"post_tag","embeddable":true,"href":"https:\/\/www.actualidadadiario.com\/index.php\/wp-json\/wp\/v2\/tags?post=115180"}],"curies":[{"name":"wp","href":"https:\/\/api.w.org\/{rel}","templated":true}]}}