{"id":115177,"date":"2024-05-28T11:48:40","date_gmt":"2024-05-28T14:48:40","guid":{"rendered":"https:\/\/www.actualidadadiario.com\/?p=115177"},"modified":"2024-05-28T11:48:40","modified_gmt":"2024-05-28T14:48:40","slug":"un-focus-group-revela-que-la-paciencia-ante-el-ajuste-de-milei-esta-llegando-al-limite","status":"publish","type":"post","link":"https:\/\/www.actualidadadiario.com\/index.php\/2024\/05\/28\/un-focus-group-revela-que-la-paciencia-ante-el-ajuste-de-milei-esta-llegando-al-limite\/","title":{"rendered":"Un focus group revela que la paciencia ante el ajuste de Milei est\u00e1 llegando al l\u00edmite"},"content":{"rendered":"<p style=\"text-align: center;\"><em><strong>Seg\u00fan el estudio de Proyecci\u00f3n, la mayor\u00eda todav\u00eda responsabiliza al peronismo por la crisis actual<\/strong><\/em><\/p>\n<p>&nbsp;<\/p>\n<p>&nbsp;<\/p>\n<p>Un focus group realizado por la consultora Proyecci\u00f3n revela que el estado de \u00e1nimo de los argentinos oscila entre el agotamiento y la esperanza. Dicen que su l\u00edmite de tolerancia al ajuste de Javier Milei est\u00e1 cerca de ser alcanzado y que hacen &#8220;malabares&#8221; para llegar a fin de mes.<\/p>\n<p>&#8220;Yo no aguanto m\u00e1s, estoy intolerante, no quiero ni ir a hacer las comprar, me tiene de humor horrible, aumenta colectivo, subte, la prepaga&#8221;, afirman los entrevistados.<\/p>\n<p>El estudio fue realizado a partir de tres grupos mixtos de cuatro participantes, divididos por rangos etarios, residentes en distintas regiones del pa\u00eds: CABA, Gran Buenos Aires, Rawson, Ciudad de Mendoza, Ciudad de Santa Fe, Ciudad de C\u00f3rdoba, Paran\u00e1, Ciudad de San Juan, Ciudad de Salta y Ciudad de Tucum\u00e1n.<\/p>\n<p>El trabajo de la consultora sostiene que el respaldo que mantiene el Presidente se debe en mayor medida a que la responsabilidad de la situaci\u00f3n actual recae en el gobierno del Frente de Todos. &#8220;Este gobierno lleva siete meses y hay que tapar muchos agujeros que dejaron los gobiernos anteriores&#8221;, destaca uno de los textuales del focus group.<\/p>\n<p>Del estudio se desprende que la econom\u00eda est\u00e1 en una fase de transici\u00f3n y ajuste, con una notable recesi\u00f3n que ha afectado el consumo. Que la inflaci\u00f3n y la inseguridad son las preocupaciones m\u00e1s urgentes de los entrevistados.<\/p>\n<p>Adem\u00e1s, preocupan la calidad de la salud y la educaci\u00f3n, as\u00ed como nuevos aumentos de prepagas, colegios y tarifas. Algunas respuestas plantean que es necesario pasar por este per\u00edodo doloroso para corregir los errores y abusos de gobiernos anteriores.<\/p>\n<p>&#8220;Entiendo que el pa\u00eds est\u00e1 mal, lo agarro destrozado, pero si te ajustas aguantas, a m\u00ed no me falta de comer, mi esposo trabaja m\u00e1s de 12 horas al d\u00eda. A este gobierno lo aguanto a morir&#8221;, destaca una de las frases que surgieron de los cuestionarios.<\/p>\n<p>Seg\u00fan el informe de Proyecci\u00f3n, la mayor\u00eda de los entrevistados expres\u00f3 expectativas positivas basadas en acciones de gobierno: atraer inversiones, auditorias, echar \u00f1oquis. Adem\u00e1s, se le reconoce al Presidente el trabajo para controlar la inflaci\u00f3n, pero no consideran que se objetivo se haya alcanzado.<\/p>\n<p>Entre los consultados, Milei aparece como un l\u00edder fuerte y decidido, dispuesto a tomar medidas dif\u00edciles para corregir el rumbo del pa\u00eds. Adem\u00e1s, afirman que no es un pol\u00edtico tradicional y que es transparente. Eso genera confianza.<\/p>\n<p>Sin embargo, en ocasiones genera incomodidad su estilo confrontativo, especialmente en su uso en redes sociales y sus respuestas impulsivas. El informe de Proyecci\u00f3n asegura que aparece una mirada de Milei como una figura tecnocr\u00e1tica y fr\u00eda (&#8220;no tiene coraz\u00f3n&#8221;), comparado con la Inteligencia Artificial, lo que abre posibilidades, pero tambi\u00e9n conlleva riesgos.<\/p>\n<p>&#8220;No acepta las cr\u00edticas, cuando alguien le dice algo en vez de decir, \u2018ok est\u00e1 bien&#8217;, mete alg\u00fan exabrupto y sale con cualquier cosa, empieza a mandar tweets y as\u00ed no se puede manejar un presidente&#8221;, dice uno de los textuales del informe.<\/p>\n<p>En tanto, le reconocen capacidad para avanzar, impulsar el progreso y ofrecer un futuro prometedor. Aunque existe una preocupaci\u00f3n por la imposibilidad de adaptaci\u00f3n o la exclusi\u00f3n de ciertos grupos y por la falta de empat\u00eda que presenta.<\/p>\n<p>&#8220;A veces no es emp\u00e1tico, no se pone en el lugar del otro, va como un caballo, quiere que la econom\u00eda vaya por ac\u00e1 y listo, no pregunta, dijo no hay plata y listo&#8221;, agrega un entrevistado.<\/p>\n<p>Otro de los entrevistados contesta: &#8220;Para mi si es emp\u00e1tico, desde el momento que pide trasparencia y se pone a controlar, se preocupa por que no le roben la comida a quienes menos tienen. Que llegue la mercader\u00edas y dinero a quienes les corresponde&#8221;.<\/p>\n","protected":false},"excerpt":{"rendered":"<p>Seg\u00fan el estudio de Proyecci\u00f3n, la mayor\u00eda todav\u00eda responsabiliza al peronismo por la crisis actual &nbsp; &nbsp; Un focus group realizado por la consultora Proyecci\u00f3n revela que el estado de \u00e1nimo de los argentinos oscila entre el agotamiento y la esperanza. Dicen que su l\u00edmite de tolerancia al ajuste de Javier Milei est\u00e1 cerca de ser alcanzado y que hacen &#8220;malabares&#8221; para llegar a fin de mes. &#8220;Yo no aguanto m\u00e1s, estoy intolerante, no quiero ni ir a hacer las comprar, me tiene de humor horrible, aumenta colectivo, subte, la&#8230;<\/p>\n","protected":false},"author":3,"featured_media":115178,"comment_status":"closed","ping_status":"closed","sticky":false,"template":"","format":"standard","meta":[],"categories":[9],"tags":[],"_links":{"self":[{"href":"https:\/\/www.actualidadadiario.com\/index.php\/wp-json\/wp\/v2\/posts\/115177"}],"collection":[{"href":"https:\/\/www.actualidadadiario.com\/index.php\/wp-json\/wp\/v2\/posts"}],"about":[{"href":"https:\/\/www.actualidadadiario.com\/index.php\/wp-json\/wp\/v2\/types\/post"}],"author":[{"embeddable":true,"href":"https:\/\/www.actualidadadiario.com\/index.php\/wp-json\/wp\/v2\/users\/3"}],"replies":[{"embeddable":true,"href":"https:\/\/www.actualidadadiario.com\/index.php\/wp-json\/wp\/v2\/comments?post=115177"}],"version-history":[{"count":1,"href":"https:\/\/www.actualidadadiario.com\/index.php\/wp-json\/wp\/v2\/posts\/115177\/revisions"}],"predecessor-version":[{"id":115179,"href":"https:\/\/www.actualidadadiario.com\/index.php\/wp-json\/wp\/v2\/posts\/115177\/revisions\/115179"}],"wp:featuredmedia":[{"embeddable":true,"href":"https:\/\/www.actualidadadiario.com\/index.php\/wp-json\/wp\/v2\/media\/115178"}],"wp:attachment":[{"href":"https:\/\/www.actualidadadiario.com\/index.php\/wp-json\/wp\/v2\/media?parent=115177"}],"wp:term":[{"taxonomy":"category","embeddable":true,"href":"https:\/\/www.actualidadadiario.com\/index.php\/wp-json\/wp\/v2\/categories?post=115177"},{"taxonomy":"post_tag","embeddable":true,"href":"https:\/\/www.actualidadadiario.com\/index.php\/wp-json\/wp\/v2\/tags?post=115177"}],"curies":[{"name":"wp","href":"https:\/\/api.w.org\/{rel}","templated":true}]}}