{"id":115164,"date":"2024-05-28T11:12:50","date_gmt":"2024-05-28T14:12:50","guid":{"rendered":"https:\/\/www.actualidadadiario.com\/?p=115164"},"modified":"2024-05-28T11:12:50","modified_gmt":"2024-05-28T14:12:50","slug":"sector-textil-88-de-las-empresas-tuvo-caida-de-ventas-y-casi-la-mitad-recorto-puestos-de-trabajo","status":"publish","type":"post","link":"https:\/\/www.actualidadadiario.com\/index.php\/2024\/05\/28\/sector-textil-88-de-las-empresas-tuvo-caida-de-ventas-y-casi-la-mitad-recorto-puestos-de-trabajo\/","title":{"rendered":"Sector textil: 88% de las empresas tuvo ca\u00edda de ventas y casi la mitad recort\u00f3 puestos de trabajo"},"content":{"rendered":"<p style=\"text-align: center;\"><em><strong>Seg\u00fan denuncian desde la Fundaci\u00f3n ProTejer, la ca\u00edda de la actividad ya afect\u00f3 al empleo en donde m\u00e1s del 40% de las empresas tom\u00f3 alguna medida que afect\u00f3 a los trabajadores con medidas como despidos, suspensi\u00f3n de horas extras y vacaciones adelantadas<\/strong><\/em><\/p>\n<p>&nbsp;<\/p>\n<p>&nbsp;<\/p>\n<p>El 88% de las empresas del rubro indumentaria registraron ca\u00edda en su volumen de ventas en abril. As\u00ed lo afirm\u00f3 un informe reciente de la Fundaci\u00f3n Proteger, una organizaci\u00f3n sin fines de lucro que nuclea a la cadena de valor agro-industrial textil.<\/p>\n<p>Entre los datos relevantes se destaca que el 79% de las empresas disminuyeron la producci\u00f3n de forma interanual, siendo la ca\u00edda de 37%, el segundo bimestre consecutivo de descenso.<\/p>\n<p>&nbsp;<\/p>\n<p><strong>Empresas textiles: las conclusiones del informe<\/strong><\/p>\n<ul>\n<li>80% de las empresas encuestadas registraron ca\u00eddas en su utilizaci\u00f3n de capacidad instalada. La ca\u00edda promedio fue de -29 p.p.<\/li>\n<li>64% de las empresas ha tomado alguna medida que afect\u00f3 al empleo.<\/li>\n<li>42% disminuy\u00f3 la cantidad de puestos de trabajo en abril 2024 en relaci\u00f3n con diciembre 2023.<\/li>\n<li>87% de las empresas no realizar\u00e1 inversiones durante el a\u00f1o 2024 y\/o han cancelado inversiones previamente planificadas.<\/li>\n<li>35% de las empresas ha evidenciado dificultades para afrontar el pago de sus obligaciones corrientes.<\/li>\n<\/ul>\n<p>La fuerte ca\u00edda de la actividad se viene sosteniendo en los primeros cuatro meses del a\u00f1o, se est\u00e1 dando de forma generalizada en los distintos rubros de la cadena y est\u00e1 impactando en el empleo.<\/p>\n<p>Para la mayor\u00eda de las empresas (71%) la ca\u00edda de ventas al mercado interno super\u00f3 el 21%. El promedio de ca\u00edda de ventas fue 36%.<\/p>\n<p>El promedio de ca\u00edda de la producci\u00f3n fue equivalente al -37%, 2 pp m\u00e1s de contracci\u00f3n de ene-feb 24. La ca\u00edda de la producci\u00f3n fue mayor al 20% para el 73% de las empresas.<\/p>\n<p>&nbsp;<\/p>\n<p><strong>Por qu\u00e9 cay\u00f3 la producci\u00f3n textil<\/strong><\/p>\n<p>Seg\u00fan las empresas, la ca\u00edda de la producci\u00f3n se debe a los siguientes factores: un 86% a cambios en el en el poder adquisitivo de la poblaci\u00f3n, 34% a las expectativas econ\u00f3micas, 25% a la variaci\u00f3n de costos en materias primas e insumos, 22% a un cambio en la participaci\u00f3n de bienes importados en el consumo, 14% a la apreciaci\u00f3n cambiaria y un 14% a cambios en las pol\u00edticas sectoriales de la industria.<\/p>\n<p>&nbsp;<\/p>\n<p><strong>Empleo: qu\u00e9 sucede en la industria textil<\/strong><\/p>\n<p>64% de las empresas ha tomado alguna medida que afect\u00f3 al empleo durante el segundo bimestre de 2024, siendo las tres primeras opciones seleccionadas la \u201ccancelaci\u00f3n de horas extras\u201d, \u201cdespidos\u201d, \u201csuspensiones\u201d y \u201cadelanto de vacaciones\u201d.<\/p>\n<p>Esta cifra indica una peor situaci\u00f3n respecto al primer bimestre del a\u00f1o, cuando s\u00f3lo la mitad de las empresas encuestadas hab\u00eda tomado medidas que afectan el empleo.<\/p>\n<p>El 36% de las empresas encuestadas no han afectado el empleo en lo que va del a\u00f1o.<\/p>\n<p>51% de las. empresas mantuvo la cantidad de puestos de trabajo en abril 24 respecto a diciembre de 23, mientras que un 42% disminuy\u00f3 la cantidad de puestos de trabajo. S\u00f3lo un 7% aument\u00f3 su personal.<\/p>\n<p>Dentro de las empresas en las que cay\u00f3 el empleo, la contracci\u00f3n promedio del empleo fue del -14%.<\/p>\n<p>A febrero 24 la ca\u00edda de puestos de trabajo en relaci\u00f3n a diciembre 23 s\u00f3lo afectaba al 21% de las empresas encuestadas. Es decir, que se agrav\u00f3 la p\u00e9rdida de empleo en el sector en los \u00faltimos 2 meses.<\/p>\n<p>&nbsp;<\/p>\n<p><strong>Exportaciones en la industria textil<\/strong><\/p>\n<p>De acuerdo al informe, s\u00f3lo 28% de las empresas ha realizado ventas al exterior en los \u00faltimos 5 a\u00f1os pero el 35% de las empresas encuestadas planea exportar en 2024.<\/p>\n<p>La mayor\u00eda de las empresas encuestadas (72%) considera que existen dificultades para exportar. El principal obst\u00e1culo encontrado es el tipo de cambio (68% de las empresas que consideran que existen dificultades). En segundo lugar, la presi\u00f3n tributaria (58% de empresas), seguido por trabas burocr\u00e1ticas y volatilidad macroecon\u00f3mica.<\/p>\n","protected":false},"excerpt":{"rendered":"<p>Seg\u00fan denuncian desde la Fundaci\u00f3n ProTejer, la ca\u00edda de la actividad ya afect\u00f3 al empleo en donde m\u00e1s del 40% de las empresas tom\u00f3 alguna medida que afect\u00f3 a los trabajadores con medidas como despidos, suspensi\u00f3n de horas extras y vacaciones adelantadas &nbsp; &nbsp; El 88% de las empresas del rubro indumentaria registraron ca\u00edda en su volumen de ventas en abril. As\u00ed lo afirm\u00f3 un informe reciente de la Fundaci\u00f3n Proteger, una organizaci\u00f3n sin fines de lucro que nuclea a la cadena de valor agro-industrial textil. Entre los datos relevantes&#8230;<\/p>\n","protected":false},"author":3,"featured_media":77769,"comment_status":"closed","ping_status":"closed","sticky":false,"template":"","format":"standard","meta":[],"categories":[2],"tags":[],"_links":{"self":[{"href":"https:\/\/www.actualidadadiario.com\/index.php\/wp-json\/wp\/v2\/posts\/115164"}],"collection":[{"href":"https:\/\/www.actualidadadiario.com\/index.php\/wp-json\/wp\/v2\/posts"}],"about":[{"href":"https:\/\/www.actualidadadiario.com\/index.php\/wp-json\/wp\/v2\/types\/post"}],"author":[{"embeddable":true,"href":"https:\/\/www.actualidadadiario.com\/index.php\/wp-json\/wp\/v2\/users\/3"}],"replies":[{"embeddable":true,"href":"https:\/\/www.actualidadadiario.com\/index.php\/wp-json\/wp\/v2\/comments?post=115164"}],"version-history":[{"count":1,"href":"https:\/\/www.actualidadadiario.com\/index.php\/wp-json\/wp\/v2\/posts\/115164\/revisions"}],"predecessor-version":[{"id":115165,"href":"https:\/\/www.actualidadadiario.com\/index.php\/wp-json\/wp\/v2\/posts\/115164\/revisions\/115165"}],"wp:featuredmedia":[{"embeddable":true,"href":"https:\/\/www.actualidadadiario.com\/index.php\/wp-json\/wp\/v2\/media\/77769"}],"wp:attachment":[{"href":"https:\/\/www.actualidadadiario.com\/index.php\/wp-json\/wp\/v2\/media?parent=115164"}],"wp:term":[{"taxonomy":"category","embeddable":true,"href":"https:\/\/www.actualidadadiario.com\/index.php\/wp-json\/wp\/v2\/categories?post=115164"},{"taxonomy":"post_tag","embeddable":true,"href":"https:\/\/www.actualidadadiario.com\/index.php\/wp-json\/wp\/v2\/tags?post=115164"}],"curies":[{"name":"wp","href":"https:\/\/api.w.org\/{rel}","templated":true}]}}