{"id":115157,"date":"2024-05-28T10:34:57","date_gmt":"2024-05-28T13:34:57","guid":{"rendered":"https:\/\/www.actualidadadiario.com\/?p=115157"},"modified":"2024-05-28T10:34:57","modified_gmt":"2024-05-28T13:34:57","slug":"el-senado-continuara-debatiendo-los-pliegos-para-los-cargos-directivos-del-cge-2","status":"publish","type":"post","link":"https:\/\/www.actualidadadiario.com\/index.php\/2024\/05\/28\/el-senado-continuara-debatiendo-los-pliegos-para-los-cargos-directivos-del-cge-2\/","title":{"rendered":"El Senado continuar\u00e1 debatiendo los pliegos para los cargos directivos del CGE"},"content":{"rendered":"<p style=\"text-align: center;\"><em><strong>Este mi\u00e9rcoles a las 11 se reunir\u00e1 la Comisi\u00f3n de Asuntos Constitucionales y Acuerdos de la C\u00e1mara de Senadores con el fin de continuar debatiendo los pliegos. Se presentaron impugnaciones contra las cuatro designaciones, pero el foco se posa sobre el candidato a vocal Adolfo Laumann, a quien se acusa de negacionista<\/strong><\/em><\/p>\n<p>&nbsp;<\/p>\n<p>&nbsp;<\/p>\n<p>En la reuni\u00f3n los senadores que integran tal comisi\u00f3n continuar\u00e1n analizando los pedidos de acuerdo que el Ejecutivo envi\u00f3 para designar autoridades en el Consejo general de Educaci\u00f3n: se trata del pliego de la titular del organismo, Alicia Fregonese, y de los vocales Carla Soledad Dur\u00e9, Santiago Sergio Adolfo Laumann y Elsa Chapuis.<\/p>\n<p>El pliego de Laumann fue fuertemente cuestionado y recibi\u00f3 varias impugnaciones: \u201cNo puede ser consejero educativo alguien que integra y milita en un espacio negacionista, que niega la memoria y discute la justicia sobre los cr\u00edmenes de la \u00faltima dictadura\u201d, explic\u00f3 una las ciudadanas que present\u00f3 una impugnaci\u00f3n.<\/p>\n<p>La lista Multicolor fue m\u00e1s all\u00e1 y present\u00f3 impugnaci\u00f3n contra los cuatro: \u201cLas objeciones est\u00e1n centradas en los requisitos obligatorios de competencia de t\u00edtulo, el desempe\u00f1o en el sistema p\u00fablico, los a\u00f1os de antig\u00fcedad registrados en el sistema, y adem\u00e1s puntualmente hacemos una objeci\u00f3n \u00e9tica pol\u00edtica democr\u00e1tica de uno de los aspirantes que habr\u00eda expresado su negacionismo a los hechos violatorios perpetrados por dictadura militar\u201d, expres\u00f3 la agrupaci\u00f3n interna del principal gremio docente.<\/p>\n<p>Cabe destacar que los senadores recibieron oportunamente a quienes hab\u00edan presentado observaciones e impugnaciones.<\/p>\n","protected":false},"excerpt":{"rendered":"<p>Este mi\u00e9rcoles a las 11 se reunir\u00e1 la Comisi\u00f3n de Asuntos Constitucionales y Acuerdos de la C\u00e1mara de Senadores con el fin de continuar debatiendo los pliegos. Se presentaron impugnaciones contra las cuatro designaciones, pero el foco se posa sobre el candidato a vocal Adolfo Laumann, a quien se acusa de negacionista &nbsp; &nbsp; En la reuni\u00f3n los senadores que integran tal comisi\u00f3n continuar\u00e1n analizando los pedidos de acuerdo que el Ejecutivo envi\u00f3 para designar autoridades en el Consejo general de Educaci\u00f3n: se trata del pliego de la titular del&#8230;<\/p>\n","protected":false},"author":3,"featured_media":58212,"comment_status":"closed","ping_status":"closed","sticky":false,"template":"","format":"standard","meta":[],"categories":[15],"tags":[],"_links":{"self":[{"href":"https:\/\/www.actualidadadiario.com\/index.php\/wp-json\/wp\/v2\/posts\/115157"}],"collection":[{"href":"https:\/\/www.actualidadadiario.com\/index.php\/wp-json\/wp\/v2\/posts"}],"about":[{"href":"https:\/\/www.actualidadadiario.com\/index.php\/wp-json\/wp\/v2\/types\/post"}],"author":[{"embeddable":true,"href":"https:\/\/www.actualidadadiario.com\/index.php\/wp-json\/wp\/v2\/users\/3"}],"replies":[{"embeddable":true,"href":"https:\/\/www.actualidadadiario.com\/index.php\/wp-json\/wp\/v2\/comments?post=115157"}],"version-history":[{"count":1,"href":"https:\/\/www.actualidadadiario.com\/index.php\/wp-json\/wp\/v2\/posts\/115157\/revisions"}],"predecessor-version":[{"id":115158,"href":"https:\/\/www.actualidadadiario.com\/index.php\/wp-json\/wp\/v2\/posts\/115157\/revisions\/115158"}],"wp:featuredmedia":[{"embeddable":true,"href":"https:\/\/www.actualidadadiario.com\/index.php\/wp-json\/wp\/v2\/media\/58212"}],"wp:attachment":[{"href":"https:\/\/www.actualidadadiario.com\/index.php\/wp-json\/wp\/v2\/media?parent=115157"}],"wp:term":[{"taxonomy":"category","embeddable":true,"href":"https:\/\/www.actualidadadiario.com\/index.php\/wp-json\/wp\/v2\/categories?post=115157"},{"taxonomy":"post_tag","embeddable":true,"href":"https:\/\/www.actualidadadiario.com\/index.php\/wp-json\/wp\/v2\/tags?post=115157"}],"curies":[{"name":"wp","href":"https:\/\/api.w.org\/{rel}","templated":true}]}}