{"id":115150,"date":"2024-05-28T10:32:31","date_gmt":"2024-05-28T13:32:31","guid":{"rendered":"https:\/\/www.actualidadadiario.com\/?p=115150"},"modified":"2024-05-28T10:32:31","modified_gmt":"2024-05-28T13:32:31","slug":"se-actualizaron-las-tarifas-de-transporte-publico-de-pasajeros-en-parana","status":"publish","type":"post","link":"https:\/\/www.actualidadadiario.com\/index.php\/2024\/05\/28\/se-actualizaron-las-tarifas-de-transporte-publico-de-pasajeros-en-parana\/","title":{"rendered":"Se actualizaron las tarifas de transporte p\u00fablico de pasajeros en Paran\u00e1"},"content":{"rendered":"<p style=\"text-align: center;\"><em><strong>El Boleto general valdr\u00e1 $940 para la primera secci\u00f3n mientras que la tarifa para la segunda secci\u00f3n qued\u00f3 en $1300. Desde el Municipio justificaron el aumento por falta de subsidio nacional tras la eliminaci\u00f3n del \u201cFondo Compensador\u201d para el interior del pa\u00eds y adem\u00e1s aclararon que los subsidios existentes son aplicados en el Boleto Estudiantil Gratuito<\/strong><\/em><\/p>\n<p>&nbsp;<\/p>\n<p>&nbsp;<\/p>\n<p>Bajo la derogaci\u00f3n del marco regulatorio y la declaraci\u00f3n de la emergencia en el transporte p\u00fablico, La Municipalidad de Paran\u00e1 anunci\u00f3 las nuevas tarifas que se aplicaran una vez que finalice el tr\u00e1mite administrativo en SUBE.<\/p>\n<p>Las nuevas tarifas provienen de \u201cla falta de subsidio nacional, el incremento de salario de los choferes nucleados en UTA y el impacto de la inflaci\u00f3n en los insumos\u201d, indic\u00f3 el Municipio que adem\u00e1s destaca que solo un 30% de los pasajeros utiliza la tarifa plana mientras que el 70% restante cuenta con alg\u00fan descuento de pasaje.<\/p>\n<p>Cabe recordar que en Febrero se elimin\u00f3 el Fondo Compensador\u201d para el interior del pa\u00eds y\u00a0 que los subsidios con los que cuenta la Municipalidad de Paran\u00e1 se aplican en el Boleto Estudiantil Gratuito mientras que la Provincia los aplica para el sostenimiento del sistema.<\/p>\n<p>Por otra parte, el Municipio se\u00f1al\u00f3 que el aumento de la tarifa \u201cqueda supeditado al cumplimiento efectivo por parte de la empresa de la cantidad de unidades m\u00ednimas en circulaci\u00f3n (actualmente 120 colectivos en uso)\u201d debido a que desde Buses Paran\u00e1 previamente presento un propio estudio de costos\u00a0 que fue analizado en contraposici\u00f3n con el estudio t\u00e9cnico del Ejecutivo Municipal, llevado a cabo conforme al n\u00famero real de unidades circulantes.<\/p>\n<p>Asimismo, el Municipio menciono que se tuvieron en cuenta el acta acuerdo firmado el pasado jueves en la Secretar\u00eda de Trabajo y Seguridad Social de la provincia entre la UTA, Buses Paran\u00e1 Agrupaci\u00f3n, la Secretar\u00eda de Transporte de la Provincia de Entre R\u00edos en la cual \u201cse acordaron pautas remunerativas y gratificaciones extraordinarias que la empresa adeuda a los trabajadores\u201d.<\/p>\n<p>&nbsp;<\/p>\n<p><strong>Costo de tarifas<\/strong><\/p>\n<p><strong>Primera Secci\u00f3n<\/strong><\/p>\n<ol>\n<li>a) Boleto general: $940<\/li>\n<li>b) Boleto primario: $94<\/li>\n<li>c) Boleto secundario: $235<\/li>\n<li>d) Boleto terciario y universitario: $282<\/li>\n<li>e) Boleto Obrero y Empleado P\u00fablico: $611<\/li>\n<li>f) Boleto jubilado: $423<\/li>\n<li>g) Franja horaria: $752<\/li>\n<li>h) Combinado: $940<\/li>\n<li>i) Boleto nocturno: $1222<\/li>\n<\/ol>\n<p>&nbsp;<\/p>\n<p><strong>Segunda Secci\u00f3n<\/strong><\/p>\n<ol>\n<li>a) Boleto general: $1300<\/li>\n<li>b) Boleto primario: $130<\/li>\n<li>c) Boleto secundario: $325<\/li>\n<li>d) Boleto terciario y universitario: $390<\/li>\n<li>e) Boleto Obrero y Empleado P\u00fablico: $845<\/li>\n<li>f) Boleto jubilado: $585<\/li>\n<li>g) Franja horaria: $1040<\/li>\n<li>h) Combinado: $1300<\/li>\n<li>i) Boleto nocturno: $1690.<\/li>\n<\/ol>\n","protected":false},"excerpt":{"rendered":"<p>El Boleto general valdr\u00e1 $940 para la primera secci\u00f3n mientras que la tarifa para la segunda secci\u00f3n qued\u00f3 en $1300. Desde el Municipio justificaron el aumento por falta de subsidio nacional tras la eliminaci\u00f3n del \u201cFondo Compensador\u201d para el interior del pa\u00eds y adem\u00e1s aclararon que los subsidios existentes son aplicados en el Boleto Estudiantil Gratuito &nbsp; &nbsp; Bajo la derogaci\u00f3n del marco regulatorio y la declaraci\u00f3n de la emergencia en el transporte p\u00fablico, La Municipalidad de Paran\u00e1 anunci\u00f3 las nuevas tarifas que se aplicaran una vez que finalice el&#8230;<\/p>\n","protected":false},"author":3,"featured_media":50786,"comment_status":"closed","ping_status":"closed","sticky":false,"template":"","format":"standard","meta":[],"categories":[15],"tags":[],"_links":{"self":[{"href":"https:\/\/www.actualidadadiario.com\/index.php\/wp-json\/wp\/v2\/posts\/115150"}],"collection":[{"href":"https:\/\/www.actualidadadiario.com\/index.php\/wp-json\/wp\/v2\/posts"}],"about":[{"href":"https:\/\/www.actualidadadiario.com\/index.php\/wp-json\/wp\/v2\/types\/post"}],"author":[{"embeddable":true,"href":"https:\/\/www.actualidadadiario.com\/index.php\/wp-json\/wp\/v2\/users\/3"}],"replies":[{"embeddable":true,"href":"https:\/\/www.actualidadadiario.com\/index.php\/wp-json\/wp\/v2\/comments?post=115150"}],"version-history":[{"count":1,"href":"https:\/\/www.actualidadadiario.com\/index.php\/wp-json\/wp\/v2\/posts\/115150\/revisions"}],"predecessor-version":[{"id":115151,"href":"https:\/\/www.actualidadadiario.com\/index.php\/wp-json\/wp\/v2\/posts\/115150\/revisions\/115151"}],"wp:featuredmedia":[{"embeddable":true,"href":"https:\/\/www.actualidadadiario.com\/index.php\/wp-json\/wp\/v2\/media\/50786"}],"wp:attachment":[{"href":"https:\/\/www.actualidadadiario.com\/index.php\/wp-json\/wp\/v2\/media?parent=115150"}],"wp:term":[{"taxonomy":"category","embeddable":true,"href":"https:\/\/www.actualidadadiario.com\/index.php\/wp-json\/wp\/v2\/categories?post=115150"},{"taxonomy":"post_tag","embeddable":true,"href":"https:\/\/www.actualidadadiario.com\/index.php\/wp-json\/wp\/v2\/tags?post=115150"}],"curies":[{"name":"wp","href":"https:\/\/api.w.org\/{rel}","templated":true}]}}