{"id":115144,"date":"2024-05-28T10:30:11","date_gmt":"2024-05-28T13:30:11","guid":{"rendered":"https:\/\/www.actualidadadiario.com\/?p=115144"},"modified":"2024-05-28T10:30:11","modified_gmt":"2024-05-28T13:30:11","slug":"brupbacher-adelanto-cuando-arrancaria-el-cronograma-de-pagos-provincial","status":"publish","type":"post","link":"https:\/\/www.actualidadadiario.com\/index.php\/2024\/05\/28\/brupbacher-adelanto-cuando-arrancaria-el-cronograma-de-pagos-provincial\/","title":{"rendered":"Brupbacher adelant\u00f3 cu\u00e1ndo arrancar\u00eda el cronograma de pagos provincial"},"content":{"rendered":"<p style=\"text-align: center;\"><em><strong>El secretario de Presupuesto y Finanzas del Gobierno de Entre R\u00edos, Uriel Brupbacher, explic\u00f3 que este s\u00e1bado iniciar\u00eda el pago de los haberes de la administraci\u00f3n provincial<\/strong><\/em><\/p>\n<p>&nbsp;<\/p>\n<p>&nbsp;<\/p>\n<p>Se adelant\u00f3 cu\u00e1ndo arrancar\u00eda el cronograma de pagos de la administraci\u00f3n provincial en el mes de junio. Uriel Brupbacher, secretario de Presupuesto y Finanzas del gobierno de Entre R\u00edos, explic\u00f3 que se iniciar\u00eda el pr\u00f3ximo s\u00e1bado. Lo explic\u00f3 en Qui\u00e9n Dice Qu\u00e9, que se emite por Elonce.<\/p>\n<p>&#8220;El s\u00e1bado estar\u00eda arrancando el primer tramo, despu\u00e9s ser\u00eda el 4 y el 5. No est\u00e1 armado, pero ser\u00eda ese el dato. Ma\u00f1ana terminar\u00edamos de definirlo. Siempre el mandato del gobernador es empezar a pagar el primer d\u00eda&#8221;, anunci\u00f3. En s\u00edntesis, inicia el s\u00e1bado y sigue el martes, mi\u00e9rcoles, jueves y viernes. No estar\u00eda definido el porcentaje.<\/p>\n<p>Por otro lado, confirm\u00f3 que el cronograma de pagos ser\u00e1 con aumento: &#8220;Ya se hab\u00eda liquidado una parte en el mes anterior. Se completa ese 5% que se acord\u00f3 en paritarias. Ser\u00eda un dos por ciento con respecto a abril m\u00e1s el siete por ciento del mes de mayo. El trabajador va a haber reflejado un 9% m\u00e1s en relaci\u00f3n al mes anterior. Qued\u00f3 acordado el 8% para el mes que viene y as\u00ed cerrar\u00edamos el primer semestre&#8221;.<\/p>\n<p>De cara al segundo semestre, el funcionario provincial vaticin\u00f3 que la negociaci\u00f3n &#8220;va a ser complicada&#8221;. De ese modo, se explay\u00f3: As\u00ed como el presidente de la Naci\u00f3n nos viene corriendo el periodo de arranque, nosotros vamos corriendo el periodo de an\u00e1lisis financiero para la provincia&#8221;.<\/p>\n<p>El contador tambi\u00e9n explic\u00f3 c\u00f3mo se encuentran los n\u00fameros de la provincia de Entre R\u00edos, donde precis\u00f3 que lo que sucede en el pa\u00eds tambi\u00e9n repercute en las cuentas provinciales: &#8220;Obviamente, la provincia no escapa a esa realidad. En t\u00e9rminos de ingreso, tenemos un 30% menos que los que se ten\u00edan el a\u00f1o pasado. Eso impacta en las finanzas de la provincia que es la caja del d\u00eda a d\u00eda. Tambi\u00e9n nos impacta el precio del combustible, el dela electricidad y el gas. Hemos tratado de acompa\u00f1ar de la mejor manera posible, sin herir de muerte las finanzas de la provincia como con las paritarias estatales y docentes&#8221;.<\/p>\n<p>&#8220;La situaci\u00f3n es un stress complejo que ha hecho que tom\u00e1ramos determinadas medidas, como fue en su momento la neutralizaci\u00f3n de la obra p\u00fablica que se arregl\u00f3 en un primer tramo respecto de la deuda que hab\u00eda al inicio de la gesti\u00f3n ?lo que estaba registrado en sistema-. Ahora viene una segunda etapa que estamos haciendo una oferta a los contratistas de la obra p\u00fablica para saldar lo que qued\u00f3. Algunas actividades se van desneutralizando, tenemos que cerrar algunos convenios m\u00e1s con los contratistas y en base a eso plantear un segundo semestre con mucha austeridad, cuidando las finanzas de la provincia y tenemos en cuenta que hab\u00edamos hecho una proyecci\u00f3n al inicio de la gesti\u00f3n y nos encontramos con una reserva para hacer frente a la deuda del pr\u00e9stamo internacional que no era en d\u00f3lares, sino en pesos. Eso luego de la devaluaci\u00f3n implic\u00f3 que tuvi\u00e9ramos una restricci\u00f3n de dinero importante. Hubo que acomodar un poco eso&#8221;, ampli\u00f3 sobre la situaci\u00f3n de las cuentas de la provincia.<\/p>\n<p>Por otra parte, el funcionario acot\u00f3: &#8220;Hubo muchas expectativas para lo que es la Ley Bases para enero, que no lo fue. Luego se posterg\u00f3 al Pacto de Mayo, donde hab\u00edamos puesto muchas expectativas con la nueva Ley Bases. Estamos esperando que eso salga&#8221;. Sobre el impulso de este proyecto, explic\u00f3: &#8220;Lo que llegar\u00eda a la provincia lo proveniente del Impuesto a las Ganancias de cuarta categor\u00eda. Se recuperar\u00eda esa parte de ingresos que se perdi\u00f3 all\u00e1 con la derogaci\u00f3n que hizo Massa en su momento. Se perdi\u00f3 lo equivalente a una masa salarial en el a\u00f1o y eso impact\u00f3 fuertemente. Hoy tenemos que hablar de 120 o 130 mil millones de pesos&#8221;.<\/p>\n<p>Por otro lado, Brupbacher valor\u00f3: &#8220;Es importante el aporte que est\u00e1 haciendo la provincia al no alterar el cronograma de pagos porque tiene un costo financiero. Nosotros empezamos a pagar los primeros cinco d\u00edas del mes y en realidad se terminan de pagar el 15, que es cuando se devuelve al agente financiero lo que pedimos para cumplir con ese cronograma. Es un costo importante y tambi\u00e9n lo ponemos como oferta salarial&#8221;.<\/p>\n<p>&nbsp;<\/p>\n<p><strong>El impacto de la ca\u00edda de los ingresos<\/strong><\/p>\n<p>&#8220;La par\u00e1lisis econ\u00f3mica impact\u00f3 fuertemente en todas las actividades y no solamente toca la coparticipaci\u00f3n que viene a nivel nacional, sino tambi\u00e9n que afecta a los recursos propios provenientes de ingresos brutos. Ya perd\u00edamos el 30% propio de lo que fue el retiro de Ganancias. A eso agregale algunos porcentajes m\u00e1s relacionados a la ca\u00edda de la actividad econ\u00f3mica. Debemos estar entre el 30 y el 35 por ciento de p\u00e9rdida de ingreso en relaci\u00f3n al a\u00f1o anterior en t\u00e9rminos reales&#8221;, enunci\u00f3.<\/p>\n<p>Sobre la recaudaci\u00f3n con los impuestos provinciales, Brupbacher manifest\u00f3 que &#8220;es un aliciente y una ventaja para este periodo, pero son impuestos provinciales que no impactan todos los meses. Si bien producen un pico de recaudaci\u00f3n en los meses que est\u00e1 la emisi\u00f3n de la boleta, eso no es constante. Tendremos que armar un colchoncito financiero para cumplir con el aguinaldo, un pr\u00e9stamo para hacer la obra p\u00fablica en el primer periodo del a\u00f1o y luego viene el segundo vencimiento del cr\u00e9dito internacional. Eso implica que tengamos que armar ese andamiaje para cumplir en tiempo y forma, como dice el mandato del gobernador, de empezar a llevar adelante la obra p\u00fablica&#8221;.<\/p>\n<p>&nbsp;<\/p>\n<p><strong>El plazo de las obras p\u00fablicas que se reactivaron<\/strong><\/p>\n<p>Luego del anuncio del gobernador Rogelio Frigerio de dar reactivaci\u00f3n a la obra p\u00fablica en Entre R\u00edos, el secretario de Presupuesto y Finanzas aclar\u00f3 que &#8220;algunas se van a terminar a fin de a\u00f1o, otras pronto porque cuando se hizo la neutralizaci\u00f3n de la obra p\u00fablica se empez\u00f3 a hacer el an\u00e1lisis de algunas y ten\u00edan un grado de avance importante. Entonces, se empez\u00f3 a avanzar por esas. Inclusive, hay obras que son financiadas por el gobierno nacional y mientras los organismos reclaman a Naci\u00f3n el env\u00edo de fondos, nosotros vamos a tratar de terminar. Mientras tanto, est\u00e1 generando costos improductivos. Son obras, como escuelas, que podr\u00edan estar en funcionamiento en breve tiempo y se van a financiar con parte del Tesoro&#8221;.<\/p>\n<p>El manejo de los recursos provinciales<\/p>\n<p>Ante la consulta de c\u00f3mo afectar\u00e1 la masa salarial en el mes de junio, el funcionario provincial manifest\u00f3 que &#8220;este mes puede cambiar un poquito la ecuaci\u00f3n&#8221;. Al respecto, indic\u00f3: &#8220;Este peque\u00f1o diferencial que hay por el ingreso del Impuesto Inmobiliario podemos bajar al 85%. Estamos con el 90% de los ingresos comprometidos a salarios. Eso te deja un margen muy peque\u00f1o para atender combustibles de los patrulleros, alimentos de los comedores, medicamentos de los hospitales, ambulancias y alg\u00fan poquito para ir resolviendo la obra p\u00fablica. Estamos con un stress financiero importante&#8221;.<\/p>\n<p>&#8220;En los primeros d\u00edas de este mes, se empez\u00f3 a trabajar en el famoso decreto 991 de contenci\u00f3n del gasto y con la determinaci\u00f3n de una cuota financiera para cada uno de los Ministerios que hace que cada uno nos manejemos dentro de esta racionalidad&#8221;, agreg\u00f3.<\/p>\n<p>&nbsp;<\/p>\n<p><strong>La relaci\u00f3n con el sector privado<\/strong><\/p>\n<p>Ante los aumentos que hubo en la boleta de luz y gas en los \u00faltimos meses, Brupbacher coment\u00f3 c\u00f3mo se mantiene la relaci\u00f3n con el sector industrial y empresarial: &#8220;El sector de la producci\u00f3n sufre exactamente igual que cada uno de los hogares el aumento de las tarifas. Eso hace que muchos pidan alg\u00fan tipo de cuesti\u00f3n diferencial. Hoy es muy complejo llevarlo adelante. Se est\u00e1 trabajando en poder acompa\u00f1arlo con alg\u00fan diferimiento, como lo fue en algunos de los pagos. Es una situaci\u00f3n compleja la situaci\u00f3n energ\u00e9tica. Primero, porque hay una escasez a la hora de abastecerse de energ\u00eda. Tenemos algunos casos puntuales en algunos parques industriales donde no estamos pudiendo tomar la energ\u00eda que se demanda. Eso es parte del proceso de inversi\u00f3n que tendr\u00e1 que venir en los pr\u00f3ximos a\u00f1os para poder dotar a cada uno de los polos productivos de la provincia&#8221;.<\/p>\n<p>Asimismo, explic\u00f3: &#8220;Nos encontramos con falencias de todo tipo, como en caminos rurales con conectividad el\u00e9ctrica. Tambi\u00e9n la conectividad de comunicaciones tambi\u00e9n pas\u00f3 a ser un insumo necesario en el desarrollo empresario porque la tecnolog\u00eda as\u00ed lo demanda. Son distintos elementos por lo que se est\u00e1 pensando en invertir en los pr\u00f3ximos a\u00f1os para poner a Entre R\u00edos a la par de Santa Fe y C\u00f3rdoba&#8221;.<\/p>\n<p>&nbsp;<\/p>\n<p><strong>La repercusi\u00f3n de la sanci\u00f3n de las emergencias<\/strong><\/p>\n<p>Tras asegurar que sirvi\u00f3 la aplicaci\u00f3n de normativas en el aspecto de las obras p\u00fablicas y Vialidad, explic\u00f3 que en lo social &#8220;se est\u00e1 trabajando ya en hacer todo lo necesario para prever alguna contingencia alimentaria o meteorol\u00f3gica, que tambi\u00e9n nos ha venido castigando. Estamos trabajando para que el Ministerio de Desarrollo Humano tenga los elementos necesarios para asistir a las familias&#8221;.<\/p>\n<p>&nbsp;<\/p>\n<p><strong>Jubilaciones<\/strong><\/p>\n<p>El presidente de la Caja de Jubilaciones de Entre R\u00edos, Gast\u00f3n Bagnat, &#8220;est\u00e1 trabajando en algunas modificaciones o planteos que hay que hacer al respecto&#8221;. Asimismo, ampli\u00f3 que el &#8220;82% est\u00e1 por Constituci\u00f3n y es el diferencial que tenemos con Santa Fe y C\u00f3rdoba que est\u00e1n en el 72%. Lo del 82% hay que mantenerlo, pero tambi\u00e9n hay que garantizar el cobro de las futuras jubilaciones, es decir, sostener el sistema sin ning\u00fan tipo de cambios va a colapsar y lo importante es garantizar las jubilaciones presentes, sino a aquel aportante que est\u00e1 poniendo todos los meses de su salario y tenga su jubilaci\u00f3n garantizada&#8221;.<\/p>\n","protected":false},"excerpt":{"rendered":"<p>El secretario de Presupuesto y Finanzas del Gobierno de Entre R\u00edos, Uriel Brupbacher, explic\u00f3 que este s\u00e1bado iniciar\u00eda el pago de los haberes de la administraci\u00f3n provincial &nbsp; &nbsp; Se adelant\u00f3 cu\u00e1ndo arrancar\u00eda el cronograma de pagos de la administraci\u00f3n provincial en el mes de junio. Uriel Brupbacher, secretario de Presupuesto y Finanzas del gobierno de Entre R\u00edos, explic\u00f3 que se iniciar\u00eda el pr\u00f3ximo s\u00e1bado. Lo explic\u00f3 en Qui\u00e9n Dice Qu\u00e9, que se emite por Elonce. &#8220;El s\u00e1bado estar\u00eda arrancando el primer tramo, despu\u00e9s ser\u00eda el 4 y el 5&#8230;.<\/p>\n","protected":false},"author":3,"featured_media":115145,"comment_status":"closed","ping_status":"closed","sticky":false,"template":"","format":"standard","meta":[],"categories":[9],"tags":[],"_links":{"self":[{"href":"https:\/\/www.actualidadadiario.com\/index.php\/wp-json\/wp\/v2\/posts\/115144"}],"collection":[{"href":"https:\/\/www.actualidadadiario.com\/index.php\/wp-json\/wp\/v2\/posts"}],"about":[{"href":"https:\/\/www.actualidadadiario.com\/index.php\/wp-json\/wp\/v2\/types\/post"}],"author":[{"embeddable":true,"href":"https:\/\/www.actualidadadiario.com\/index.php\/wp-json\/wp\/v2\/users\/3"}],"replies":[{"embeddable":true,"href":"https:\/\/www.actualidadadiario.com\/index.php\/wp-json\/wp\/v2\/comments?post=115144"}],"version-history":[{"count":1,"href":"https:\/\/www.actualidadadiario.com\/index.php\/wp-json\/wp\/v2\/posts\/115144\/revisions"}],"predecessor-version":[{"id":115146,"href":"https:\/\/www.actualidadadiario.com\/index.php\/wp-json\/wp\/v2\/posts\/115144\/revisions\/115146"}],"wp:featuredmedia":[{"embeddable":true,"href":"https:\/\/www.actualidadadiario.com\/index.php\/wp-json\/wp\/v2\/media\/115145"}],"wp:attachment":[{"href":"https:\/\/www.actualidadadiario.com\/index.php\/wp-json\/wp\/v2\/media?parent=115144"}],"wp:term":[{"taxonomy":"category","embeddable":true,"href":"https:\/\/www.actualidadadiario.com\/index.php\/wp-json\/wp\/v2\/categories?post=115144"},{"taxonomy":"post_tag","embeddable":true,"href":"https:\/\/www.actualidadadiario.com\/index.php\/wp-json\/wp\/v2\/tags?post=115144"}],"curies":[{"name":"wp","href":"https:\/\/api.w.org\/{rel}","templated":true}]}}