{"id":115142,"date":"2024-05-28T10:28:50","date_gmt":"2024-05-28T13:28:50","guid":{"rendered":"https:\/\/www.actualidadadiario.com\/?p=115142"},"modified":"2024-05-28T10:28:50","modified_gmt":"2024-05-28T13:28:50","slug":"confirmaron-la-muerte-por-meningitis-de-un-nino-en-localidad-entrerriana","status":"publish","type":"post","link":"https:\/\/www.actualidadadiario.com\/index.php\/2024\/05\/28\/confirmaron-la-muerte-por-meningitis-de-un-nino-en-localidad-entrerriana\/","title":{"rendered":"Confirmaron la muerte por meningitis de un ni\u00f1o en localidad entrerriana"},"content":{"rendered":"<p style=\"text-align: center;\"><em><strong>Desde el hospital confirmaron que se trat\u00f3 de un caso confirmado de Meningitis Bacteriana, que no requiri\u00f3 profilaxis. Seg\u00fan informaron, controlaron los carnets de vacunaci\u00f3n a los compa\u00f1eritos de curso del ni\u00f1o fallecido<\/strong><\/em><\/p>\n<p>&nbsp;<\/p>\n<p>&nbsp;<\/p>\n<p>La muerte de un ni\u00f1o de seis a\u00f1os caus\u00f3 conmoci\u00f3n y preocupaci\u00f3n en la localidad de Chajar\u00ed; se trat\u00f3 de un alumno de la Escuela Mart\u00edn Miguel de G\u00fcemes, el cual fue diagnosticado con meningitis y trasladado -entre jueves y viernes- al hospital Masvernat de la ciudad de Concordia.<\/p>\n<p>Tras confirmarse el deceso del peque\u00f1o, en el transcurso de este fin de semana, desde el hospital Santa Rosa de Chajar\u00ed, dieron a conocer un comunicado sobre este hecho.<\/p>\n<p>&nbsp;<\/p>\n<p><strong>A continuaci\u00f3n, el comunicado textual:<\/strong><\/p>\n<p>\u201cCon el objetivo de llevar tranquilidad a la comunidad en general, ante el caso confirmado de Meningitis Bacteriana en paciente pedi\u00e1trico, el Hospital Santa Rosa de Chajar\u00ed informa que se trata de un caso confirmado de Meningitis Bacteriana, que no requiere profilaxis. Es decir, no requiere aislamiento y ni medicaci\u00f3n a los contactos.<\/p>\n<p>Desde el Nodo de Epidemiolog\u00eda se realizaron las acciones que el protocolo establece para este tipo de diagn\u00f3stico. Se concurri\u00f3 al Establecimiento Educativo para dialogar con las autoridades, se controlaron los carnets de vacunaci\u00f3n a todos estudiantes del curso que concurr\u00eda y se citaron a aquellos que no tienen esquema de vacunaci\u00f3n completo.<\/p>\n<p>Asimismo, desde el Hospital Santa Rosa de Chajar\u00ed se record\u00f3 la importancia de tener los esquemas de vacunaci\u00f3n al d\u00eda.<\/p>\n<p>&nbsp;<\/p>\n<p><strong>Qu\u00e9 es la meningitis<\/strong><\/p>\n<p>La meningitis es la inflamaci\u00f3n del tejido delgado que rodea el cerebro y la m\u00e9dula espinal, llamada meninge. Existen varios tipos de meningitis. La m\u00e1s com\u00fan es la meningitis viral, que ocurre cuando un virus penetra en su organismo a trav\u00e9s de la nariz o la boca y se traslada al cerebro. La meningitis bacteriana es rara, pero puede ser mortal. Suele comenzar con bacterias que causan infecciones parecidas a la gripe. Puede causar un ataque cerebral, sordera y lesiones cerebrales. Tambi\u00e9n puede da\u00f1ar otros \u00f3rganos. Las infecciones por neumococo y las infecciones meningoc\u00f3cicas pueden causar meningitis bacteriana.<\/p>\n<p>Cualquier persona puede contraer meningitis, pero es m\u00e1s com\u00fan en las personas con sistemas inmunitarios d\u00e9biles.<\/p>\n","protected":false},"excerpt":{"rendered":"<p>Desde el hospital confirmaron que se trat\u00f3 de un caso confirmado de Meningitis Bacteriana, que no requiri\u00f3 profilaxis. Seg\u00fan informaron, controlaron los carnets de vacunaci\u00f3n a los compa\u00f1eritos de curso del ni\u00f1o fallecido &nbsp; &nbsp; La muerte de un ni\u00f1o de seis a\u00f1os caus\u00f3 conmoci\u00f3n y preocupaci\u00f3n en la localidad de Chajar\u00ed; se trat\u00f3 de un alumno de la Escuela Mart\u00edn Miguel de G\u00fcemes, el cual fue diagnosticado con meningitis y trasladado -entre jueves y viernes- al hospital Masvernat de la ciudad de Concordia. Tras confirmarse el deceso del peque\u00f1o,&#8230;<\/p>\n","protected":false},"author":3,"featured_media":59316,"comment_status":"closed","ping_status":"closed","sticky":false,"template":"","format":"standard","meta":[],"categories":[15],"tags":[],"_links":{"self":[{"href":"https:\/\/www.actualidadadiario.com\/index.php\/wp-json\/wp\/v2\/posts\/115142"}],"collection":[{"href":"https:\/\/www.actualidadadiario.com\/index.php\/wp-json\/wp\/v2\/posts"}],"about":[{"href":"https:\/\/www.actualidadadiario.com\/index.php\/wp-json\/wp\/v2\/types\/post"}],"author":[{"embeddable":true,"href":"https:\/\/www.actualidadadiario.com\/index.php\/wp-json\/wp\/v2\/users\/3"}],"replies":[{"embeddable":true,"href":"https:\/\/www.actualidadadiario.com\/index.php\/wp-json\/wp\/v2\/comments?post=115142"}],"version-history":[{"count":1,"href":"https:\/\/www.actualidadadiario.com\/index.php\/wp-json\/wp\/v2\/posts\/115142\/revisions"}],"predecessor-version":[{"id":115143,"href":"https:\/\/www.actualidadadiario.com\/index.php\/wp-json\/wp\/v2\/posts\/115142\/revisions\/115143"}],"wp:featuredmedia":[{"embeddable":true,"href":"https:\/\/www.actualidadadiario.com\/index.php\/wp-json\/wp\/v2\/media\/59316"}],"wp:attachment":[{"href":"https:\/\/www.actualidadadiario.com\/index.php\/wp-json\/wp\/v2\/media?parent=115142"}],"wp:term":[{"taxonomy":"category","embeddable":true,"href":"https:\/\/www.actualidadadiario.com\/index.php\/wp-json\/wp\/v2\/categories?post=115142"},{"taxonomy":"post_tag","embeddable":true,"href":"https:\/\/www.actualidadadiario.com\/index.php\/wp-json\/wp\/v2\/tags?post=115142"}],"curies":[{"name":"wp","href":"https:\/\/api.w.org\/{rel}","templated":true}]}}