{"id":115132,"date":"2024-05-27T15:41:40","date_gmt":"2024-05-27T18:41:40","guid":{"rendered":"https:\/\/www.actualidadadiario.com\/?p=115132"},"modified":"2024-05-27T15:41:40","modified_gmt":"2024-05-27T18:41:40","slug":"el-ministerio-de-hacienda-y-finanzas-de-la-provincia-tuvo-su-reunion-mensual-de-planificacion","status":"publish","type":"post","link":"https:\/\/www.actualidadadiario.com\/index.php\/2024\/05\/27\/el-ministerio-de-hacienda-y-finanzas-de-la-provincia-tuvo-su-reunion-mensual-de-planificacion\/","title":{"rendered":"El Ministerio de Hacienda y Finanzas de la provincia tuvo su reuni\u00f3n mensual de planificaci\u00f3n"},"content":{"rendered":"<p style=\"text-align: center;\"><em><strong>Participaron el ministro, secretarios, directores e integrantes de la comisi\u00f3n t\u00e9cnica. Apuntan a la planificaci\u00f3n y el trabajo en equipo como impronta de gesti\u00f3n. &#8220;No hay mejor manera que trabajar en equipo&#8221;, resalt\u00f3 el titular de la cartera, Julio Panceri<\/strong><\/em><\/p>\n<p>&nbsp;<\/p>\n<p>&nbsp;<\/p>\n<p>El ministro manifest\u00f3 que desde que asumi\u00f3 en la gesti\u00f3n de gobierno &#8220;hemos puesto el foco en la optimizaci\u00f3n del uso de los recursos de todo tipo, y la organizaci\u00f3n de la din\u00e1mica interna del Ministerio es una parte de ello. Es la primera vez que se trabaja de esta forma en esta cartera, nos reunimos todos, comentamos la informaci\u00f3n importante para el mes, y acordamos las estrategias a desarrollar. Si alguien tiene un desaf\u00edo particular tambi\u00e9n lo trae para conversar entre todos&#8221;.<\/p>\n<p>&#8220;Incre\u00edblemente, antes no era as\u00ed, pero ahora en el Ministerio de Hacienda se gestiona de esta forma, llevando adelante la coordinaci\u00f3n de acciones, trabajando en equipo. Decidimos dejar de hacer las cosas porque siempre se hicieron as\u00ed y darle nuestra propia impronta. Esto es, ni m\u00e1s ni menos que gobernar con sentido com\u00fan. Estamos convencidos que no hay una mejor manera de hacer las cosas, ya que el trabajo en equipo genera sinergia, tiene m\u00faltiples beneficios y reduce costos&#8221;, remarc\u00f3 Panceri.<\/p>\n<p>M\u00e1s adelante, el ministro sostuvo que &#8220;tal como lo dijo el gobernador Rogelio Frigerio, justamente cuando faltan los recursos, como es desde que asumimos la gesti\u00f3n, es fundamental trabajar coordinadamente para reducir costos en duplicidad de tareas, o errores que pueden preverse. Estamos abocados a hacer lo que tenemos que hacer de la mejor manera posible. Desde nuestra cartera sabemos que no hay posibilidad de gestionar eficientemente un \u00e1rea si no se coordinan esfuerzos, se establecen metas y objetivos claros, a la vez que se elaboran estrategias conjuntas&#8221;.<\/p>\n","protected":false},"excerpt":{"rendered":"<p>Participaron el ministro, secretarios, directores e integrantes de la comisi\u00f3n t\u00e9cnica. Apuntan a la planificaci\u00f3n y el trabajo en equipo como impronta de gesti\u00f3n. &#8220;No hay mejor manera que trabajar en equipo&#8221;, resalt\u00f3 el titular de la cartera, Julio Panceri &nbsp; &nbsp; El ministro manifest\u00f3 que desde que asumi\u00f3 en la gesti\u00f3n de gobierno &#8220;hemos puesto el foco en la optimizaci\u00f3n del uso de los recursos de todo tipo, y la organizaci\u00f3n de la din\u00e1mica interna del Ministerio es una parte de ello. Es la primera vez que se trabaja&#8230;<\/p>\n","protected":false},"author":3,"featured_media":115133,"comment_status":"closed","ping_status":"closed","sticky":false,"template":"","format":"standard","meta":[],"categories":[15],"tags":[],"_links":{"self":[{"href":"https:\/\/www.actualidadadiario.com\/index.php\/wp-json\/wp\/v2\/posts\/115132"}],"collection":[{"href":"https:\/\/www.actualidadadiario.com\/index.php\/wp-json\/wp\/v2\/posts"}],"about":[{"href":"https:\/\/www.actualidadadiario.com\/index.php\/wp-json\/wp\/v2\/types\/post"}],"author":[{"embeddable":true,"href":"https:\/\/www.actualidadadiario.com\/index.php\/wp-json\/wp\/v2\/users\/3"}],"replies":[{"embeddable":true,"href":"https:\/\/www.actualidadadiario.com\/index.php\/wp-json\/wp\/v2\/comments?post=115132"}],"version-history":[{"count":1,"href":"https:\/\/www.actualidadadiario.com\/index.php\/wp-json\/wp\/v2\/posts\/115132\/revisions"}],"predecessor-version":[{"id":115134,"href":"https:\/\/www.actualidadadiario.com\/index.php\/wp-json\/wp\/v2\/posts\/115132\/revisions\/115134"}],"wp:featuredmedia":[{"embeddable":true,"href":"https:\/\/www.actualidadadiario.com\/index.php\/wp-json\/wp\/v2\/media\/115133"}],"wp:attachment":[{"href":"https:\/\/www.actualidadadiario.com\/index.php\/wp-json\/wp\/v2\/media?parent=115132"}],"wp:term":[{"taxonomy":"category","embeddable":true,"href":"https:\/\/www.actualidadadiario.com\/index.php\/wp-json\/wp\/v2\/categories?post=115132"},{"taxonomy":"post_tag","embeddable":true,"href":"https:\/\/www.actualidadadiario.com\/index.php\/wp-json\/wp\/v2\/tags?post=115132"}],"curies":[{"name":"wp","href":"https:\/\/api.w.org\/{rel}","templated":true}]}}