{"id":115126,"date":"2024-05-27T15:39:14","date_gmt":"2024-05-27T18:39:14","guid":{"rendered":"https:\/\/www.actualidadadiario.com\/?p=115126"},"modified":"2024-05-27T15:39:14","modified_gmt":"2024-05-27T18:39:14","slug":"siguen-bajando-los-casos-de-dengue-en-entre-rios","status":"publish","type":"post","link":"https:\/\/www.actualidadadiario.com\/index.php\/2024\/05\/27\/siguen-bajando-los-casos-de-dengue-en-entre-rios\/","title":{"rendered":"Siguen bajando los casos de dengue en Entre R\u00edos"},"content":{"rendered":"<p style=\"text-align: center;\"><em><strong>Por novena semana consecutiva, disminuy\u00f3 la cantidad de casos de dengue en la provincia. El Ministerio de Salud de Entre R\u00edos indic\u00f3 que se sumaron 566 nuevos casos en los \u00faltimos siete d\u00edas. Gualeguaych\u00fa es el departamento que m\u00e1s contagios tuvo<\/strong><\/em><\/p>\n<p>&nbsp;<\/p>\n<p>&nbsp;<\/p>\n<p>Por novena semana consecutiva, la provincia de Entre R\u00edos presenta descensos en la cantidad de contagios de dengue luego del pico registrado a mediados de marzo.<\/p>\n<p>En los \u00faltimos siete d\u00edas, el departamento que report\u00f3 mayor cantidad de casos fue Gualeguaych\u00fa (383). Por su parte, los departamentos Federaci\u00f3n (46), Paran\u00e1 (33), Uruguay (32) y Diamante (30), tambi\u00e9n registraron casos, pero en un volumen menor.<\/p>\n<p>La informaci\u00f3n actualizada con los datos correspondientes a la semana epidemiol\u00f3gica 21 (que va del 19 al 25 de mayo) puede consultarse en el monitor de casos de dengue, disponible en la p\u00e1gina web del Ministerio de Salud de Entre R\u00edos en este enlace.<\/p>\n<p>All\u00ed se puede observar que, de los 566 casos informados en el \u00faltimo reporte, 80 tuvieron inicio de s\u00edntomas en la \u00faltima semana.<\/p>\n<p>Tambi\u00e9n se se\u00f1ala que en el per\u00edodo comprendido entre el 1 de agosto de 2023 y el 24 de mayo de 2024 la provincia registra un total acumulado de 20.836 casos notificados.<\/p>\n<p>Finalmente, desde la Direcci\u00f3n General de Epidemiolog\u00eda se inform\u00f3 que en el mismo lapso se realizaron 1.018 internaciones (de las cuales siete se produjeron en la \u00faltima semana). Adem\u00e1s, 84 de estas internaciones requirieron ingreso en Unidades de Terapia Intensiva.<\/p>\n<p>&nbsp;<\/p>\n<p><strong>Compromiso con la prevenci\u00f3n<\/strong><\/p>\n<p>Es importante tener presente que la enfermedad no se transmite de persona a persona sino que lo hace por medio del mosquito Aedes aegypti.<\/p>\n<p>Por lo tanto, aunque los contagios mantienen la tendencia descendente, es fundamental sostener las acciones preventivas, como la limpieza de las superficies y recipientes que retienen agua, donde el mosquito transmisor se reproduce.<\/p>\n<p>Debemos incorporar estos h\u00e1bitos y mantenerlos a lo largo de todo el a\u00f1o, a\u00fan en \u00e9pocas de bajas temperaturas, ya que tambi\u00e9n ser\u00e1 beneficioso a largo plazo. Eso es as\u00ed dado que los huevos que las hembras de Aedes aegypti colocan en esta \u00e9poca del a\u00f1o pueden sobrevivir a las bajas temperaturas y se mantienen viables hasta la llegada de la primavera. Por eso, a trav\u00e9s de la limpieza de recipientes y la eliminaci\u00f3n de cualquier elemento que pueda retener agua, tambi\u00e9n contribuiremos a limitar la presencia del mosquito transmisor en la pr\u00f3xima temporada.<\/p>\n<p>&nbsp;<\/p>\n<p><strong>S\u00edntomas<\/strong><\/p>\n<p>Es importante tener presente las manifestaciones de la enfermedad para saber ante qu\u00e9 signos acudir a los servicios de salud.<\/p>\n<p>Los s\u00edntomas frecuentes incluyen: fiebre, n\u00e1useas y v\u00f3mitos, enrojecimiento e inflamaci\u00f3n de la piel, y dolor intenso de cabeza, detr\u00e1s de los ojos, en m\u00fasculos y articulaciones.<\/p>\n<p>Pero no son los \u00fanicos. La enfermedad tambi\u00e9n puede tener formas graves y causar la muerte. Por eso, se debe acudir a un establecimiento de salud de inmediato en caso de presentar alguno de los signos de alarma como dolor abdominal intenso y continuo; mareos o desmayo; v\u00f3mitos persistentes; intolerancia a l\u00edquidos y alimentos; somnolencia; intranquilidad o irritabilidad y\/o sangrados.<\/p>\n","protected":false},"excerpt":{"rendered":"<p>Por novena semana consecutiva, disminuy\u00f3 la cantidad de casos de dengue en la provincia. El Ministerio de Salud de Entre R\u00edos indic\u00f3 que se sumaron 566 nuevos casos en los \u00faltimos siete d\u00edas. Gualeguaych\u00fa es el departamento que m\u00e1s contagios tuvo &nbsp; &nbsp; Por novena semana consecutiva, la provincia de Entre R\u00edos presenta descensos en la cantidad de contagios de dengue luego del pico registrado a mediados de marzo. En los \u00faltimos siete d\u00edas, el departamento que report\u00f3 mayor cantidad de casos fue Gualeguaych\u00fa (383). Por su parte, los departamentos&#8230;<\/p>\n","protected":false},"author":3,"featured_media":113704,"comment_status":"closed","ping_status":"closed","sticky":false,"template":"","format":"standard","meta":[],"categories":[9],"tags":[],"_links":{"self":[{"href":"https:\/\/www.actualidadadiario.com\/index.php\/wp-json\/wp\/v2\/posts\/115126"}],"collection":[{"href":"https:\/\/www.actualidadadiario.com\/index.php\/wp-json\/wp\/v2\/posts"}],"about":[{"href":"https:\/\/www.actualidadadiario.com\/index.php\/wp-json\/wp\/v2\/types\/post"}],"author":[{"embeddable":true,"href":"https:\/\/www.actualidadadiario.com\/index.php\/wp-json\/wp\/v2\/users\/3"}],"replies":[{"embeddable":true,"href":"https:\/\/www.actualidadadiario.com\/index.php\/wp-json\/wp\/v2\/comments?post=115126"}],"version-history":[{"count":1,"href":"https:\/\/www.actualidadadiario.com\/index.php\/wp-json\/wp\/v2\/posts\/115126\/revisions"}],"predecessor-version":[{"id":115127,"href":"https:\/\/www.actualidadadiario.com\/index.php\/wp-json\/wp\/v2\/posts\/115126\/revisions\/115127"}],"wp:featuredmedia":[{"embeddable":true,"href":"https:\/\/www.actualidadadiario.com\/index.php\/wp-json\/wp\/v2\/media\/113704"}],"wp:attachment":[{"href":"https:\/\/www.actualidadadiario.com\/index.php\/wp-json\/wp\/v2\/media?parent=115126"}],"wp:term":[{"taxonomy":"category","embeddable":true,"href":"https:\/\/www.actualidadadiario.com\/index.php\/wp-json\/wp\/v2\/categories?post=115126"},{"taxonomy":"post_tag","embeddable":true,"href":"https:\/\/www.actualidadadiario.com\/index.php\/wp-json\/wp\/v2\/tags?post=115126"}],"curies":[{"name":"wp","href":"https:\/\/api.w.org\/{rel}","templated":true}]}}