{"id":115123,"date":"2024-05-27T11:05:47","date_gmt":"2024-05-27T14:05:47","guid":{"rendered":"https:\/\/www.actualidadadiario.com\/?p=115123"},"modified":"2024-05-27T11:05:47","modified_gmt":"2024-05-27T14:05:47","slug":"continua-la-protesta-en-misiones-nueva-reunion-para-intentar-lograr-un-acuerdo","status":"publish","type":"post","link":"https:\/\/www.actualidadadiario.com\/index.php\/2024\/05\/27\/continua-la-protesta-en-misiones-nueva-reunion-para-intentar-lograr-un-acuerdo\/","title":{"rendered":"Contin\u00faa la protesta en Misiones: nueva reuni\u00f3n para intentar lograr un acuerdo"},"content":{"rendered":"<p style=\"text-align: center;\"><em><strong>Este lunes, el gabinete provincial realizar\u00e1 un encuentro extraordinario con los sectores afectados. Adem\u00e1s, los maestros llevar\u00e1n a cabo una marcha hacia el centro de la ciudad para hacer cortes selectivos y visibilizar el reclamo<\/strong><\/em><\/p>\n<p>&nbsp;<\/p>\n<p>&nbsp;<\/p>\n<p>En medio de la protesta salarial que lleva 11 d\u00edas en Misiones, en el inicio de la semana los docentes llevar\u00e1n a cabo una nueva marcha para visibilizar el reclamo. En paralelo, el gabinete provincial realizar\u00e1 una reuni\u00f3n extraordinaria para lograr una resoluci\u00f3n en el conflicto.<\/p>\n<p>En las \u00faltimas horas, el gobernador de Misiones, Hugo Passalacqua, anunci\u00f3 que ser\u00e1n liquidados los sueldos de los empleados p\u00fablicos dentro del Sistema Integrado de Administraci\u00f3n de Personal (SIAP). Adem\u00e1s, se confirm\u00f3 desde la administraci\u00f3n provincial que la polic\u00eda, los m\u00e9dicos, docentes y jubilados tendr\u00e1n incrementos en sus haberes.<\/p>\n<p>Pese al nuevo anuncio, los manifestantes contin\u00faan en el inicio de esta semana con las protestas ya que consideran que los incrementos estipuladas hasta el momento son insuficientes. Al mismo tiempo, aseguraron que en el detalle que ya est\u00e1 visible de manera online se les hicieron un descuento en el salario por los d\u00edas que se llevaron a cabo las manifestaciones.<\/p>\n<p>\u201cNo nos queda otra que tratar de lucha por nuestros salarios dignos porque no llegamos a fin de mes. Yo soy Sargento y cobro $437 mil y no nos alcanza para vivir\u201d, explic\u00f3 una polic\u00eda que es de Ober\u00e1 en di\u00e1logo con Bernardo Magnano en C5N.<\/p>\n<p>En lo que respecta a los efectivos, el s\u00e1bado el fiscal de instrucci\u00f3n N\u00b06, Ren\u00e9 Casals, esper\u00f3 la entrega de los m\u00f3viles retenidos en la protesta, sin embargo, eso no sucedi\u00f3. Ente ello, el fiscal confirm\u00f3 que ahora continuar\u00e1n los tr\u00e1mites judiciales en proceso, inform\u00f3 el medio local Misiones Online.<\/p>\n<p>&nbsp;<\/p>\n<p><strong>Docentes realizar\u00e1n cortes de rutas en Misiones para continuar con la protesta<\/strong><\/p>\n<p>Si bien las primeras manifestaciones por el reclamo de un salario digno las iniciaron la Polic\u00eda local, a ella se sumaron los docentes quienes tampoco bajan los brazos para solicitar una mejora en sus haberes mensuales. En ello, este lunes realizar\u00e1n una marcha hacia el centro de la ciudad para hacer cortes selectivos y visibilizar el reclamo con cortes selectivos.<\/p>\n<p>La Ruta nacional 14, que recorre la provincia sobre la margen del r\u00edo Uruguay, ser\u00e1 cortada a con asambleas en dos tramos: a la altura de San Pedro al norte y de San Vicente en el centro de la provincia.<\/p>\n<p>Adem\u00e1s, se realizar\u00e1 un bloqueo en las casillas de cobro de impuestos en la zona de San Jos\u00e9, pero sin corte de ruta, en el sur de Misiones. Mientras que, a las 14, se sumar\u00e1 un corte en el kil\u00f3metro 938, sobre Salto Encantado, en el centro de la provincia.<\/p>\n<p>Por otro lado, habr\u00e1 interrupciones del tr\u00e1nsito en la ruta nacional 12, que est\u00e1 m\u00e1s cerca del r\u00edo Paran\u00e1, en la rotonda de acceso sur a Eldorado, en el noroeste provincial, y a la altura de la represa Urogallo-\u00ed, en Puerto Libertad, algo m\u00e1s al norte que el anterior. Adem\u00e1s, a las 8:30 comenz\u00f3 una concentraci\u00f3n sobre la misma v\u00eda en el puente sobre el Arroyo \u00d1acanguaz\u00fa.<\/p>\n<p>Los trabajadores de la educaci\u00f3n proseguir\u00e1n con el campamento al lado de la protesta policial, en la intersecci\u00f3n de las Avenidas Uruguay y Trincheras de Posadas.<\/p>\n","protected":false},"excerpt":{"rendered":"<p>Este lunes, el gabinete provincial realizar\u00e1 un encuentro extraordinario con los sectores afectados. Adem\u00e1s, los maestros llevar\u00e1n a cabo una marcha hacia el centro de la ciudad para hacer cortes selectivos y visibilizar el reclamo &nbsp; &nbsp; En medio de la protesta salarial que lleva 11 d\u00edas en Misiones, en el inicio de la semana los docentes llevar\u00e1n a cabo una nueva marcha para visibilizar el reclamo. En paralelo, el gabinete provincial realizar\u00e1 una reuni\u00f3n extraordinaria para lograr una resoluci\u00f3n en el conflicto. En las \u00faltimas horas, el gobernador de&#8230;<\/p>\n","protected":false},"author":3,"featured_media":115124,"comment_status":"closed","ping_status":"closed","sticky":false,"template":"","format":"standard","meta":[],"categories":[2],"tags":[],"_links":{"self":[{"href":"https:\/\/www.actualidadadiario.com\/index.php\/wp-json\/wp\/v2\/posts\/115123"}],"collection":[{"href":"https:\/\/www.actualidadadiario.com\/index.php\/wp-json\/wp\/v2\/posts"}],"about":[{"href":"https:\/\/www.actualidadadiario.com\/index.php\/wp-json\/wp\/v2\/types\/post"}],"author":[{"embeddable":true,"href":"https:\/\/www.actualidadadiario.com\/index.php\/wp-json\/wp\/v2\/users\/3"}],"replies":[{"embeddable":true,"href":"https:\/\/www.actualidadadiario.com\/index.php\/wp-json\/wp\/v2\/comments?post=115123"}],"version-history":[{"count":1,"href":"https:\/\/www.actualidadadiario.com\/index.php\/wp-json\/wp\/v2\/posts\/115123\/revisions"}],"predecessor-version":[{"id":115125,"href":"https:\/\/www.actualidadadiario.com\/index.php\/wp-json\/wp\/v2\/posts\/115123\/revisions\/115125"}],"wp:featuredmedia":[{"embeddable":true,"href":"https:\/\/www.actualidadadiario.com\/index.php\/wp-json\/wp\/v2\/media\/115124"}],"wp:attachment":[{"href":"https:\/\/www.actualidadadiario.com\/index.php\/wp-json\/wp\/v2\/media?parent=115123"}],"wp:term":[{"taxonomy":"category","embeddable":true,"href":"https:\/\/www.actualidadadiario.com\/index.php\/wp-json\/wp\/v2\/categories?post=115123"},{"taxonomy":"post_tag","embeddable":true,"href":"https:\/\/www.actualidadadiario.com\/index.php\/wp-json\/wp\/v2\/tags?post=115123"}],"curies":[{"name":"wp","href":"https:\/\/api.w.org\/{rel}","templated":true}]}}