{"id":115112,"date":"2024-05-27T10:44:45","date_gmt":"2024-05-27T13:44:45","guid":{"rendered":"https:\/\/www.actualidadadiario.com\/?p=115112"},"modified":"2024-05-27T10:44:45","modified_gmt":"2024-05-27T13:44:45","slug":"diputados-debatira-la-restitucion-del-fondo-nacional-de-incentivo-docente","status":"publish","type":"post","link":"https:\/\/www.actualidadadiario.com\/index.php\/2024\/05\/27\/diputados-debatira-la-restitucion-del-fondo-nacional-de-incentivo-docente\/","title":{"rendered":"Diputados debatir\u00e1 la restituci\u00f3n del Fondo Nacional de Incentivo Docente"},"content":{"rendered":"<p style=\"text-align: center;\"><em><strong>El FONID implica entre un 10 y un 20% del salario de los docentes. Fue eliminado por decisi\u00f3n del presidente Javier Milei en enero<\/strong><\/em><\/p>\n<p>&nbsp;<\/p>\n<p>&nbsp;<\/p>\n<p>Las comisiones de Educaci\u00f3n y Presupuesto y Hacienda de la C\u00e1mara de Diputados debatir\u00e1n este martes desde las 15 horas distintos proyectos para volver a darle vigencia al Fondo Nacional de Incentivo Docente (FONID) que el Gobierno dej\u00f3 de pagar en enero en perjuicio de profesionales de la educaci\u00f3n de las distintas provincias.<\/p>\n<p>&#8220;El martes podremos hacer un acto de justicia: dictaminar en Diputados la restituci\u00f3n del Fondo Nacional de Incentivo Docente (FONID) que Milei elimin\u00f3. Varias provincias cuestionaron (incluso en la justicia) su eliminaci\u00f3n. Necesitamos una ley que recupere el FONID&#8221;, escribi\u00f3 el presidente del bloque de Uni\u00f3n por la Patria en la C\u00e1mara baja, Germ\u00e1n Mart\u00ednez.<\/p>\n<p>La restituci\u00f3n del FONID fue uno de los ejes principales del paro nacional que realiz\u00f3 la Confederaci\u00f3n de Trabajadores de la Educaci\u00f3n (CTERA) el jueves pasado.<\/p>\n<p>Desde CTERA se exigieron de forma urgente la restituci\u00f3n del fondo &#8220;que implica una disminuci\u00f3n del salario entre un 10 % y un 20 %&#8221;. Adem\u00e1s pidieron por la convocatoria a la paritaria nacional docente, el financiamiento para las escuelas y las universidades p\u00fablicas, mayor presupuesto educativo, env\u00edo de recursos para infraestructura escolar y fondos para comedores escolares, subvenci\u00f3n para programas educativos y el aumento de emergencia a los docentes jubilados.<\/p>\n<p>Por su parte, el presidente Javier Milei advirti\u00f3 que va a vetar cualquier ley que vote el Congreso que atente contra los recursos del Estado. &#8220;Cualquier proyecto que manden desde el Congreso que quiera romper la caja y hacer volar este pa\u00eds por los aires, lo voy a vetar, me importa tres carajos&#8221;, expres\u00f3 esta semana el mandatario en el marco del Congreso del IAEF.<\/p>\n","protected":false},"excerpt":{"rendered":"<p>El FONID implica entre un 10 y un 20% del salario de los docentes. Fue eliminado por decisi\u00f3n del presidente Javier Milei en enero &nbsp; &nbsp; Las comisiones de Educaci\u00f3n y Presupuesto y Hacienda de la C\u00e1mara de Diputados debatir\u00e1n este martes desde las 15 horas distintos proyectos para volver a darle vigencia al Fondo Nacional de Incentivo Docente (FONID) que el Gobierno dej\u00f3 de pagar en enero en perjuicio de profesionales de la educaci\u00f3n de las distintas provincias. &#8220;El martes podremos hacer un acto de justicia: dictaminar en Diputados&#8230;<\/p>\n","protected":false},"author":3,"featured_media":108733,"comment_status":"closed","ping_status":"closed","sticky":false,"template":"","format":"standard","meta":[],"categories":[18],"tags":[],"_links":{"self":[{"href":"https:\/\/www.actualidadadiario.com\/index.php\/wp-json\/wp\/v2\/posts\/115112"}],"collection":[{"href":"https:\/\/www.actualidadadiario.com\/index.php\/wp-json\/wp\/v2\/posts"}],"about":[{"href":"https:\/\/www.actualidadadiario.com\/index.php\/wp-json\/wp\/v2\/types\/post"}],"author":[{"embeddable":true,"href":"https:\/\/www.actualidadadiario.com\/index.php\/wp-json\/wp\/v2\/users\/3"}],"replies":[{"embeddable":true,"href":"https:\/\/www.actualidadadiario.com\/index.php\/wp-json\/wp\/v2\/comments?post=115112"}],"version-history":[{"count":1,"href":"https:\/\/www.actualidadadiario.com\/index.php\/wp-json\/wp\/v2\/posts\/115112\/revisions"}],"predecessor-version":[{"id":115113,"href":"https:\/\/www.actualidadadiario.com\/index.php\/wp-json\/wp\/v2\/posts\/115112\/revisions\/115113"}],"wp:featuredmedia":[{"embeddable":true,"href":"https:\/\/www.actualidadadiario.com\/index.php\/wp-json\/wp\/v2\/media\/108733"}],"wp:attachment":[{"href":"https:\/\/www.actualidadadiario.com\/index.php\/wp-json\/wp\/v2\/media?parent=115112"}],"wp:term":[{"taxonomy":"category","embeddable":true,"href":"https:\/\/www.actualidadadiario.com\/index.php\/wp-json\/wp\/v2\/categories?post=115112"},{"taxonomy":"post_tag","embeddable":true,"href":"https:\/\/www.actualidadadiario.com\/index.php\/wp-json\/wp\/v2\/tags?post=115112"}],"curies":[{"name":"wp","href":"https:\/\/api.w.org\/{rel}","templated":true}]}}