{"id":115107,"date":"2024-05-27T10:43:09","date_gmt":"2024-05-27T13:43:09","guid":{"rendered":"https:\/\/www.actualidadadiario.com\/?p=115107"},"modified":"2024-05-27T10:43:09","modified_gmt":"2024-05-27T13:43:09","slug":"semana-clave-en-el-gabinete-con-nicolas-posse-en-la-cuerda-floja-ya-suenan-reemplazantes","status":"publish","type":"post","link":"https:\/\/www.actualidadadiario.com\/index.php\/2024\/05\/27\/semana-clave-en-el-gabinete-con-nicolas-posse-en-la-cuerda-floja-ya-suenan-reemplazantes\/","title":{"rendered":"Semana clave en el Gabinete: con Nicol\u00e1s Posse en la cuerda floja, ya suenan reemplazantes"},"content":{"rendered":"<p style=\"text-align: center;\"><em><strong>Si bien el jefe de Gabinete particip\u00f3 del Tedeum y del acto de Milei en C\u00f3rdoba, hay se\u00f1ales que lo ponen en duda para continuar en el Gobierno<\/strong><\/em><\/p>\n<p>&nbsp;<\/p>\n<p>&nbsp;<\/p>\n<p>Tras los sucesos de C\u00f3rdoba del s\u00e1bado, con el llamado a un Consejo de Mayo, esta semana ser\u00e1 clave para el Gobierno en sus intentos por avanzar en un dictamen en el Senado para la Ley Bases y tambi\u00e9n por los posibles movimientos puertas adentro de la Casa Rosada, donde toda la atenci\u00f3n se posa en el futuro del jefe de Gabinete, Nicol\u00e1s Posse.<\/p>\n<p>En las horas previas al acto en C\u00f3rdoba rein\u00f3 la incertidumbre sobre la presencia del jefe de Gabinete. Sin embargo, desde su entorno aseguraron que iba a participar de la jornada y as\u00ed sucedi\u00f3. No obstante, no recibi\u00f3 el saludo de Javier Milei y tampoco fue anunciado por el locutor en el Tedeum de la Catedral. Hechos que abonaron los rumores de una posible salida de Posse, jaqueado por la interna con el ministro de Econom\u00eda Luis Caputo, y por el resultado de la negociaci\u00f3n por la Ley Bases que estuvo bajo su \u00f3rbita.<\/p>\n<p>A eso se suma el avance de Posse sobre los dem\u00e1s ministerios lo que genera recelos de sus colegas de gabinete. Primero desguaz\u00f3 el s\u00faper ministerio de Infraestructura que comandaba Guillermo Ferraro, luego le quit\u00f3 el manejo de la caja con las provincias al Ministerio del Interior de Guillermo Francos y hasta paraliz\u00f3 el funcionamiento de Capital Humano de Sandra Pettovello por falta de fondos.<\/p>\n<p>El jueves, el presidente Javier Milei no descart\u00f3 una posible salida de su jefe de Gabinete, y asegur\u00f3 que tras el desenlace de la ley Bases habr\u00e1 una revisi\u00f3n de resultados, que incluir\u00e1 a todos los ministros.<\/p>\n<p>&#8220;Usted cuando gestiona tiene hitos, el primer hito de este gobierno es el desenlace de la ley Bases, marcado ese hito, tenemos que hacer una evaluaci\u00f3n de resultados. No solo Posse, sino todos los ministros&#8221;, enfatiz\u00f3 el Presidente en una entrevista a LN+. &#8220;Se revisan todos&#8221; los funcionarios, a\u00f1adi\u00f3.<\/p>\n<p>En la misma entrevista, Milei tambi\u00e9n asegur\u00f3 que si se aprueba la ley Bases ingresar\u00e1 Federico Sturzenegger al Gobierno. \u201cTodo el mundo sabe lo que significa Federico Sturzenegger, que ha colaborado much\u00edsimo con este Gobierno, viene colaborando con las ideas de la libertad, con el desarrollar cuestiones que hacen a un Estado m\u00e1s moderno, con menos regulaciones\u201d, coment\u00f3 Adorni en su tradicional conferencia de prensa ante una pregunta de este medio.<\/p>\n<p>Inclusive empiezan a sonar reemplazantes. Naturalmente, Sturzenegger se subi\u00f3 a la compulsa tras las declaraciones de Milei. Tambi\u00e9n codicia el sill\u00f3n Patricia Bullrich, aunque en las \u00faltimas horas empezaron a sonar tambi\u00e9n Guillermo Francos, Lule Menem y Jos\u00e9 Luis Espert.<\/p>\n","protected":false},"excerpt":{"rendered":"<p>Si bien el jefe de Gabinete particip\u00f3 del Tedeum y del acto de Milei en C\u00f3rdoba, hay se\u00f1ales que lo ponen en duda para continuar en el Gobierno &nbsp; &nbsp; Tras los sucesos de C\u00f3rdoba del s\u00e1bado, con el llamado a un Consejo de Mayo, esta semana ser\u00e1 clave para el Gobierno en sus intentos por avanzar en un dictamen en el Senado para la Ley Bases y tambi\u00e9n por los posibles movimientos puertas adentro de la Casa Rosada, donde toda la atenci\u00f3n se posa en el futuro del jefe&#8230;<\/p>\n","protected":false},"author":3,"featured_media":115108,"comment_status":"closed","ping_status":"closed","sticky":false,"template":"","format":"standard","meta":[],"categories":[18],"tags":[],"_links":{"self":[{"href":"https:\/\/www.actualidadadiario.com\/index.php\/wp-json\/wp\/v2\/posts\/115107"}],"collection":[{"href":"https:\/\/www.actualidadadiario.com\/index.php\/wp-json\/wp\/v2\/posts"}],"about":[{"href":"https:\/\/www.actualidadadiario.com\/index.php\/wp-json\/wp\/v2\/types\/post"}],"author":[{"embeddable":true,"href":"https:\/\/www.actualidadadiario.com\/index.php\/wp-json\/wp\/v2\/users\/3"}],"replies":[{"embeddable":true,"href":"https:\/\/www.actualidadadiario.com\/index.php\/wp-json\/wp\/v2\/comments?post=115107"}],"version-history":[{"count":1,"href":"https:\/\/www.actualidadadiario.com\/index.php\/wp-json\/wp\/v2\/posts\/115107\/revisions"}],"predecessor-version":[{"id":115109,"href":"https:\/\/www.actualidadadiario.com\/index.php\/wp-json\/wp\/v2\/posts\/115107\/revisions\/115109"}],"wp:featuredmedia":[{"embeddable":true,"href":"https:\/\/www.actualidadadiario.com\/index.php\/wp-json\/wp\/v2\/media\/115108"}],"wp:attachment":[{"href":"https:\/\/www.actualidadadiario.com\/index.php\/wp-json\/wp\/v2\/media?parent=115107"}],"wp:term":[{"taxonomy":"category","embeddable":true,"href":"https:\/\/www.actualidadadiario.com\/index.php\/wp-json\/wp\/v2\/categories?post=115107"},{"taxonomy":"post_tag","embeddable":true,"href":"https:\/\/www.actualidadadiario.com\/index.php\/wp-json\/wp\/v2\/tags?post=115107"}],"curies":[{"name":"wp","href":"https:\/\/api.w.org\/{rel}","templated":true}]}}