{"id":115104,"date":"2024-05-27T10:41:56","date_gmt":"2024-05-27T13:41:56","guid":{"rendered":"https:\/\/www.actualidadadiario.com\/?p=115104"},"modified":"2024-05-27T10:41:56","modified_gmt":"2024-05-27T13:41:56","slug":"la-iglesia-pidio-la-rapida-entrega-de-las-cinco-mil-toneladas-de-alimentos-acopiados","status":"publish","type":"post","link":"https:\/\/www.actualidadadiario.com\/index.php\/2024\/05\/27\/la-iglesia-pidio-la-rapida-entrega-de-las-cinco-mil-toneladas-de-alimentos-acopiados\/","title":{"rendered":"La Iglesia pidi\u00f3 la &#8220;r\u00e1pida entrega&#8221; de las cinco mil toneladas de alimentos acopiados"},"content":{"rendered":"<p style=\"text-align: center;\"><em><strong>El presidente de la Conferencia Episcopal Argentina, monse\u00f1or Oscar Ojea, manifest\u00f3 que &#8220;preocupa que se vaya perdiendo la sensibilidad&#8221; ante &#8220;la necesidad primaria&#8221; por la comida<\/strong><\/em><\/p>\n<p>&nbsp;<\/p>\n<p>&nbsp;<\/p>\n<p>El presidente de la Conferencia Episcopal Argentina, monse\u00f1or Oscar Ojea, pidi\u00f3 que sean &#8220;entregadas r\u00e1pidamente&#8221; las cinco mil toneladas de alimentos almacenadas por el Gobierno nacional, mientras que manifest\u00f3 que &#8220;preocupa que se vaya perdiendo la sensibilidad&#8221; ante &#8220;la necesidad primaria&#8221; por la comida.<\/p>\n<p>Ojea se refiri\u00f3 en esos t\u00e9rminos en el marco del mensaje por la solemnidad de la Sant\u00edsima Trinidad.<\/p>\n<p>&#8220;Nos preocupa que se vaya perdiendo esta sensibilidad ante un derecho esencial y primario, como es el del alimento. Dios quiera que r\u00e1pidamente se abran esos dep\u00f3sitos para que los hermanos con tant\u00edsimas necesidades puedan disfrutar de su alimento diario\u201d, expres\u00f3.<\/p>\n<p>Tras una requisitoria period\u00edstica, el Gobierno reconoci\u00f3 el acopio de cinco mil toneladas de alimentos almacenadas durante el Gobierno de Alberto Fern\u00e1ndez para &#8220;situaciones de emergencia&#8221;.<\/p>\n<p>\u201cNos hemos enterado de que existen dos dep\u00f3sitos de alimentos en el Ministerio de Desarrollo Social (en referencia a la cartera de Sandra Pettovello) que tienen 5 mil toneladas de alimentos guardadas. No entro en las razones por las que est\u00e1n guardados, pero en un tiempo de emergencia alimentaria, esto debe llamarnos a la reflexi\u00f3n. R\u00e1pidamente, tienen que ser entregados\u201d, sostuvo el obispo de San Isidro.<\/p>\n","protected":false},"excerpt":{"rendered":"<p>El presidente de la Conferencia Episcopal Argentina, monse\u00f1or Oscar Ojea, manifest\u00f3 que &#8220;preocupa que se vaya perdiendo la sensibilidad&#8221; ante &#8220;la necesidad primaria&#8221; por la comida &nbsp; &nbsp; El presidente de la Conferencia Episcopal Argentina, monse\u00f1or Oscar Ojea, pidi\u00f3 que sean &#8220;entregadas r\u00e1pidamente&#8221; las cinco mil toneladas de alimentos almacenadas por el Gobierno nacional, mientras que manifest\u00f3 que &#8220;preocupa que se vaya perdiendo la sensibilidad&#8221; ante &#8220;la necesidad primaria&#8221; por la comida. Ojea se refiri\u00f3 en esos t\u00e9rminos en el marco del mensaje por la solemnidad de la Sant\u00edsima Trinidad&#8230;.<\/p>\n","protected":false},"author":3,"featured_media":115105,"comment_status":"closed","ping_status":"closed","sticky":false,"template":"","format":"standard","meta":[],"categories":[18],"tags":[],"_links":{"self":[{"href":"https:\/\/www.actualidadadiario.com\/index.php\/wp-json\/wp\/v2\/posts\/115104"}],"collection":[{"href":"https:\/\/www.actualidadadiario.com\/index.php\/wp-json\/wp\/v2\/posts"}],"about":[{"href":"https:\/\/www.actualidadadiario.com\/index.php\/wp-json\/wp\/v2\/types\/post"}],"author":[{"embeddable":true,"href":"https:\/\/www.actualidadadiario.com\/index.php\/wp-json\/wp\/v2\/users\/3"}],"replies":[{"embeddable":true,"href":"https:\/\/www.actualidadadiario.com\/index.php\/wp-json\/wp\/v2\/comments?post=115104"}],"version-history":[{"count":1,"href":"https:\/\/www.actualidadadiario.com\/index.php\/wp-json\/wp\/v2\/posts\/115104\/revisions"}],"predecessor-version":[{"id":115106,"href":"https:\/\/www.actualidadadiario.com\/index.php\/wp-json\/wp\/v2\/posts\/115104\/revisions\/115106"}],"wp:featuredmedia":[{"embeddable":true,"href":"https:\/\/www.actualidadadiario.com\/index.php\/wp-json\/wp\/v2\/media\/115105"}],"wp:attachment":[{"href":"https:\/\/www.actualidadadiario.com\/index.php\/wp-json\/wp\/v2\/media?parent=115104"}],"wp:term":[{"taxonomy":"category","embeddable":true,"href":"https:\/\/www.actualidadadiario.com\/index.php\/wp-json\/wp\/v2\/categories?post=115104"},{"taxonomy":"post_tag","embeddable":true,"href":"https:\/\/www.actualidadadiario.com\/index.php\/wp-json\/wp\/v2\/tags?post=115104"}],"curies":[{"name":"wp","href":"https:\/\/api.w.org\/{rel}","templated":true}]}}