{"id":115102,"date":"2024-05-27T10:40:50","date_gmt":"2024-05-27T13:40:50","guid":{"rendered":"https:\/\/www.actualidadadiario.com\/?p=115102"},"modified":"2024-05-27T10:40:50","modified_gmt":"2024-05-27T13:40:50","slug":"milei-viaja-a-eeuu-por-cuarta-vez-en-medio-ano-y-visita-a-bukele-en-su-asuncion","status":"publish","type":"post","link":"https:\/\/www.actualidadadiario.com\/index.php\/2024\/05\/27\/milei-viaja-a-eeuu-por-cuarta-vez-en-medio-ano-y-visita-a-bukele-en-su-asuncion\/","title":{"rendered":"Milei viaja a EEUU por cuarta vez en medio a\u00f1o y visita a Bukele en su Asunci\u00f3n"},"content":{"rendered":"<p style=\"text-align: center;\"><em><strong>El mandatario parte este lunes por la noche al pa\u00eds norteamericano para reunirse con Mark Zuckerberg y empresarios tecnol\u00f3gicos. El libertario pasar\u00e1 la mitad de junio de viaje<\/strong><\/em><\/p>\n<p>&nbsp;<\/p>\n<p>&nbsp;<\/p>\n<p>El presidente Javier Milei viaja por cuarta vez desde el inicio de su mandato a Estados Unidos en una gira que durar\u00e1 lo que resta de mayo. El 1\u00b0 de junio participar\u00e1 del acto de reasunci\u00f3n de Nayib Bukele como presidente de El Salvador.<\/p>\n<p>El mandatario partir\u00e1 este lunes por la noche al pa\u00eds norteamericano, con intenciones de reunirse el director de Meta, Mark Zuckerberg, y asistir el 30 de mayo a la reuni\u00f3n tecnol\u00f3gica en Silicon Valley, zona sur del \u00c1rea de la Bah\u00eda de San Francisco.<\/p>\n<p>Adem\u00e1s, la agenda presidencial tiene previstas reuniones con representantes de OpenAI, Apple, Google de Alphabet, entre otras firmas de la industria tecnol\u00f3gica. El objetivo de la comitiva es avanzar en el desarrollo de Inteligencia Artificial en la Argentina y conseguir inversiones.<\/p>\n<p>Si bien el cronograma de la visita a\u00fan no est\u00e1 cerrado, no hay previstos, por el momento, encuentros con funcionarios del gobierno de Joe Biden. Aunque s\u00ed est\u00e1 confirmada la presencia de Luis Caputo en la gira, quien se reunir\u00e1 con empresarios estadounidenses.<\/p>\n<p>&nbsp;<\/p>\n<p><strong>El Salvador, Italia, Espa\u00f1a y Alemania: Milei pasar\u00e1 la mitad de junio viajando<\/strong><\/p>\n<p>El 1\u00b0 de junio el Presidente tiene previsto presenciar el acto de renovaci\u00f3n del mando de Nayib Bukele en El Salvador, quien fue reelecto con el 85% de los votos por sobre Manuel Flores, aspirante del FLMN, y conquist\u00f3 58 de 60 diputados de la Asamblea Legislativa. A pesar de que el salvadore\u00f1o no asisti\u00f3 a la ceremonia de asunci\u00f3n de asunci\u00f3n del libertario, envi\u00f3 a su ministro de Hacienda y Seguridad P\u00fablica, H\u00e9ctor Villatoro.<\/p>\n<p>Adem\u00e1s, entre el 13 y el1 5 de junio, el jefe de Estado estar\u00e1 en Borgo Egnazia, Italia, para participar de la Cumbre del G7, conformado por Estados Unidos, Alemania, Jap\u00f3n, Canad\u00e1, Francia, Reino Unido e Italia.<\/p>\n<p>A pesar del conflicto con su par de Espa\u00f1a, Pedro S\u00e1nchez, Milei tiene regresar\u00e1 a Madrid a el 21 de junio para ser premiado por el Instituto Juan de Mariana, en el marco de la Cena de la Libertad que tendr\u00e1 lugar en el Casino de Madrid, durante la Semana de la Libertad.<\/p>\n<p>El \u00faltimo destino ser\u00e1 Hamburgo, Alemania, donde el jefe de Estado ser\u00e1 galardonado con la medalla Hayek, que se otorga en referencia al Nobel de econom\u00eda Frederic von Hayek el 22 de junio.<\/p>\n","protected":false},"excerpt":{"rendered":"<p>El mandatario parte este lunes por la noche al pa\u00eds norteamericano para reunirse con Mark Zuckerberg y empresarios tecnol\u00f3gicos. El libertario pasar\u00e1 la mitad de junio de viaje &nbsp; &nbsp; El presidente Javier Milei viaja por cuarta vez desde el inicio de su mandato a Estados Unidos en una gira que durar\u00e1 lo que resta de mayo. El 1\u00b0 de junio participar\u00e1 del acto de reasunci\u00f3n de Nayib Bukele como presidente de El Salvador. El mandatario partir\u00e1 este lunes por la noche al pa\u00eds norteamericano, con intenciones de reunirse el&#8230;<\/p>\n","protected":false},"author":3,"featured_media":114612,"comment_status":"closed","ping_status":"closed","sticky":false,"template":"","format":"standard","meta":[],"categories":[9],"tags":[],"_links":{"self":[{"href":"https:\/\/www.actualidadadiario.com\/index.php\/wp-json\/wp\/v2\/posts\/115102"}],"collection":[{"href":"https:\/\/www.actualidadadiario.com\/index.php\/wp-json\/wp\/v2\/posts"}],"about":[{"href":"https:\/\/www.actualidadadiario.com\/index.php\/wp-json\/wp\/v2\/types\/post"}],"author":[{"embeddable":true,"href":"https:\/\/www.actualidadadiario.com\/index.php\/wp-json\/wp\/v2\/users\/3"}],"replies":[{"embeddable":true,"href":"https:\/\/www.actualidadadiario.com\/index.php\/wp-json\/wp\/v2\/comments?post=115102"}],"version-history":[{"count":1,"href":"https:\/\/www.actualidadadiario.com\/index.php\/wp-json\/wp\/v2\/posts\/115102\/revisions"}],"predecessor-version":[{"id":115103,"href":"https:\/\/www.actualidadadiario.com\/index.php\/wp-json\/wp\/v2\/posts\/115102\/revisions\/115103"}],"wp:featuredmedia":[{"embeddable":true,"href":"https:\/\/www.actualidadadiario.com\/index.php\/wp-json\/wp\/v2\/media\/114612"}],"wp:attachment":[{"href":"https:\/\/www.actualidadadiario.com\/index.php\/wp-json\/wp\/v2\/media?parent=115102"}],"wp:term":[{"taxonomy":"category","embeddable":true,"href":"https:\/\/www.actualidadadiario.com\/index.php\/wp-json\/wp\/v2\/categories?post=115102"},{"taxonomy":"post_tag","embeddable":true,"href":"https:\/\/www.actualidadadiario.com\/index.php\/wp-json\/wp\/v2\/tags?post=115102"}],"curies":[{"name":"wp","href":"https:\/\/api.w.org\/{rel}","templated":true}]}}