{"id":115086,"date":"2024-05-24T13:28:54","date_gmt":"2024-05-24T16:28:54","guid":{"rendered":"https:\/\/www.actualidadadiario.com\/?p=115086"},"modified":"2024-05-24T13:28:54","modified_gmt":"2024-05-24T16:28:54","slug":"el-vaticano-canonizara-al-ciberapostol-carlo-acutis-un-adolescente-de-la-era-digital","status":"publish","type":"post","link":"https:\/\/www.actualidadadiario.com\/index.php\/2024\/05\/24\/el-vaticano-canonizara-al-ciberapostol-carlo-acutis-un-adolescente-de-la-era-digital\/","title":{"rendered":"El Vaticano canonizar\u00e1 al \u201cciberap\u00f3stol\u201d Carlo Acutis, un adolescente de la era digital"},"content":{"rendered":"<p style=\"text-align: center;\"><em><strong>Carlo Acutis muri\u00f3 de una leucemia fulminante en 2006 a los 15 a\u00f1os. Era muy aficionado de internet, cre\u00f3 p\u00e1ginas web religiosas y una exposici\u00f3n que documentaba los milagros eucar\u00edsticos<\/strong><\/em><\/p>\n<p>&nbsp;<\/p>\n<p>&nbsp;<\/p>\n<p>Carlo Acutis, un adolescente apasionado por internet y muy creyente conocido como el \u00abciberap\u00f3stol\u00bb, cuya muerte conmovi\u00f3 a Italia en 2006, ser\u00e1 canonizado despu\u00e9s de que la Iglesia cat\u00f3lica le atribuyera un segundo milagro, anunci\u00f3 el Vaticano.<\/p>\n<p>El papa Francisco autoriz\u00f3 el jueves al Dicasterio para la Causa de los Santos, el departamento encargado de las beatificaciones y las canonizaciones, a \u00abpromulgar el milagro atribuido al beato Carlo Acutis\u00bb, inform\u00f3 la Santa Sede.<\/p>\n<p>Carlo Acutis, muy aficionado de internet, con mucho talento inform\u00e1tico y sobre todo imbuido por una fe precoz e intensa, cre\u00f3 p\u00e1ginas web religiosas y una exposici\u00f3n que documentaba los milagros eucar\u00edsticos.<\/p>\n<p>Su madre, Antonia Salzano, acogi\u00f3 la noticia con \u00abgran alegr\u00eda\u00bb.<\/p>\n<p>\u00abEl Se\u00f1or respondi\u00f3 al deseo de tantas personas que han rezado por su canonizaci\u00f3n\u00bb, afirm\u00f3 el viernes a Radio Vaticano.<\/p>\n<p>Nacido en Londres el 3 de mayo de 1991 de padres italianos, el adolescente muri\u00f3 de una leucemia fulminante a los 15 a\u00f1os el 12 de octubre de 2006 en Monza, cerca de Mil\u00e1n, en el norte de Italia.<\/p>\n<p>\u00abTodos los hombres nacen como originales, pero muchos mueren como fotocopias, \u00a1no permitas que te pase a ti!\u00bb, recomendaba a su generaci\u00f3n Carlo.<\/p>\n<p>Esta cita fue incluida por el papa Francisco en 2019 en un largo texto dirigido a los j\u00f3venes, advirti\u00e9ndoles contra los \u00abgigantescos intereses econ\u00f3micos\u00bb de internet donde se difuden \u00abnoticias falsas\u00bb.<\/p>\n<p>Carlo Acutis fue declarado \u00abvenerable\u00bb en 2018 y un primer milagro, reconocido en 2020 por el Vaticano, le abri\u00f3 el camino a su beatificaci\u00f3n, \u00faltima etapa antes de convertirse en santo.<\/p>\n<p>En 2013, un ni\u00f1o brasile\u00f1o que sufr\u00eda problemas digestivos y una rara anomal\u00eda del p\u00e1ncreas se salv\u00f3 sin cirug\u00eda despu\u00e9s de que su familia rezara a Carlo, afirma la Iglesia cat\u00f3lica.<\/p>\n<p>Un consistorio -la asamblea de los cardenales- debe fijar ahora la fecha de la canonizaci\u00f3n.<\/p>\n","protected":false},"excerpt":{"rendered":"<p>Carlo Acutis muri\u00f3 de una leucemia fulminante en 2006 a los 15 a\u00f1os. Era muy aficionado de internet, cre\u00f3 p\u00e1ginas web religiosas y una exposici\u00f3n que documentaba los milagros eucar\u00edsticos &nbsp; &nbsp; Carlo Acutis, un adolescente apasionado por internet y muy creyente conocido como el \u00abciberap\u00f3stol\u00bb, cuya muerte conmovi\u00f3 a Italia en 2006, ser\u00e1 canonizado despu\u00e9s de que la Iglesia cat\u00f3lica le atribuyera un segundo milagro, anunci\u00f3 el Vaticano. El papa Francisco autoriz\u00f3 el jueves al Dicasterio para la Causa de los Santos, el departamento encargado de las beatificaciones y&#8230;<\/p>\n","protected":false},"author":3,"featured_media":115087,"comment_status":"closed","ping_status":"closed","sticky":false,"template":"","format":"standard","meta":[],"categories":[4],"tags":[],"_links":{"self":[{"href":"https:\/\/www.actualidadadiario.com\/index.php\/wp-json\/wp\/v2\/posts\/115086"}],"collection":[{"href":"https:\/\/www.actualidadadiario.com\/index.php\/wp-json\/wp\/v2\/posts"}],"about":[{"href":"https:\/\/www.actualidadadiario.com\/index.php\/wp-json\/wp\/v2\/types\/post"}],"author":[{"embeddable":true,"href":"https:\/\/www.actualidadadiario.com\/index.php\/wp-json\/wp\/v2\/users\/3"}],"replies":[{"embeddable":true,"href":"https:\/\/www.actualidadadiario.com\/index.php\/wp-json\/wp\/v2\/comments?post=115086"}],"version-history":[{"count":1,"href":"https:\/\/www.actualidadadiario.com\/index.php\/wp-json\/wp\/v2\/posts\/115086\/revisions"}],"predecessor-version":[{"id":115088,"href":"https:\/\/www.actualidadadiario.com\/index.php\/wp-json\/wp\/v2\/posts\/115086\/revisions\/115088"}],"wp:featuredmedia":[{"embeddable":true,"href":"https:\/\/www.actualidadadiario.com\/index.php\/wp-json\/wp\/v2\/media\/115087"}],"wp:attachment":[{"href":"https:\/\/www.actualidadadiario.com\/index.php\/wp-json\/wp\/v2\/media?parent=115086"}],"wp:term":[{"taxonomy":"category","embeddable":true,"href":"https:\/\/www.actualidadadiario.com\/index.php\/wp-json\/wp\/v2\/categories?post=115086"},{"taxonomy":"post_tag","embeddable":true,"href":"https:\/\/www.actualidadadiario.com\/index.php\/wp-json\/wp\/v2\/tags?post=115086"}],"curies":[{"name":"wp","href":"https:\/\/api.w.org\/{rel}","templated":true}]}}