{"id":115083,"date":"2024-05-24T13:27:44","date_gmt":"2024-05-24T16:27:44","guid":{"rendered":"https:\/\/www.actualidadadiario.com\/?p=115083"},"modified":"2024-05-24T13:27:44","modified_gmt":"2024-05-24T16:27:44","slug":"israel-recupero-los-cadaveres-de-otros-tres-rehenes-en-gaza","status":"publish","type":"post","link":"https:\/\/www.actualidadadiario.com\/index.php\/2024\/05\/24\/israel-recupero-los-cadaveres-de-otros-tres-rehenes-en-gaza\/","title":{"rendered":"Israel recuper\u00f3 los cad\u00e1veres de otros tres rehenes en Gaza"},"content":{"rendered":"<p style=\"text-align: center;\"><em><strong>El ej\u00e9rcito israel\u00ed inform\u00f3 que los tres murieron durante el ataque de Hamas el 7 de octubre. Dos de ellos se encontraban en el festival de m\u00fasica Nova<\/strong><\/em><\/p>\n<p>&nbsp;<\/p>\n<p>&nbsp;<\/p>\n<p>El ej\u00e9rcito de Israel inform\u00f3 haber recuperado los cad\u00e1veres de tres rehenes que se encontraban en la Franja de Gaza desde el ataque del grupo islamista palestino Ham\u00e1s en suelo israel\u00ed el 7 de octubre. Los tres murieron aquel d\u00eda de la ofensiva que desencaden\u00f3 la guerra y fueron trasladados a Gaza.<\/p>\n<p>En un comunicado, indicaron que los cad\u00e1veres son del franco-mexicano Ori\u00f3n Hern\u00e1ndez Radoux, del israelo-brasile\u00f1o Michel Nisenbaum y del israel\u00ed Hanan Yablonka. Los tres fueron recuperados en Jabaliya tras una operaci\u00f3n conjunta con los servicios de inteligencia israel\u00edes.<\/p>\n<p>Qui\u00e9nes fueron los rehenes recuperados por Israel<\/p>\n<p>Tanto Yablonka, de 42 a\u00f1os, como Hern\u00e1ndez Radoux, de 32, se encontraban durante el ataque en el festival de m\u00fasica Nova. Por su parte, Nisenbaum, un residente de 59 a\u00f1os de la ciudad israel\u00ed de Sderot, cerca de Gaza, fue contactado por \u00faltima vez el 7 de octubre cuando se dirig\u00eda a una base militar en la frontera para recoger a su nieta.<\/p>\n<p>El primer ministro israel\u00ed, Benjam\u00edn Netanyahu, se refiri\u00f3 a la recuperaci\u00f3n de los cuerpos de los rehenes y expres\u00f3: &#8220;Junto con el pueblo israel\u00ed, mi mujer Sara y yo, inclinamos la cabeza con profundo dolor y abrazamos a las familias en duelo en estos dif\u00edciles momentos&#8221;.<\/p>\n<p>Por su parte, el presidente franc\u00e9s, Emmanuel Macron, expres\u00f3 en un mensaje en la red social X su &#8220;inmensa tristeza&#8221; por la muerte de Hern\u00e1ndez Radoux. &#8220;Francia sigue m\u00e1s comprometida que nunca con la liberaci\u00f3n de todos los rehenes&#8221;, agreg\u00f3.<\/p>\n<p>Los tres fallecidos formaban parte de las 124 personas que segu\u00edan retenidas en Gaza, de las 252 secuestradas el 7 de octubre. El n\u00famero de rehenes se eleva ahora a 121, de los cuales 37 fallecieron, seg\u00fan el ej\u00e9rcito israel\u00ed.<\/p>\n<p>&nbsp;<\/p>\n<p><strong>Los otros tres cad\u00e1veres de rehenes que recuper\u00f3 Israel<\/strong><\/p>\n<p>D\u00edas atr\u00e1s, las fuerzas israel\u00edes informaron el rescate de los cad\u00e1veres de tres rehenes de la Franja de Gaza. En esa ocasi\u00f3n, fueron identificados como Amit Buskila, Yitzhak Gelernter y Shani Louk, la joven influencer que se hab\u00eda hecho viral el d\u00eda del ataque del 7 de octubre.<\/p>\n<p>Seg\u00fan Daniel Hagari, el vocero militar jefe, los tres \u201cfueron asesinados por Hamas mientras escapaban del festival de m\u00fasica Nova el 7 de octubre y sus cuerpos fueron llevados a Gaza\u201d.<\/p>\n","protected":false},"excerpt":{"rendered":"<p>El ej\u00e9rcito israel\u00ed inform\u00f3 que los tres murieron durante el ataque de Hamas el 7 de octubre. Dos de ellos se encontraban en el festival de m\u00fasica Nova &nbsp; &nbsp; El ej\u00e9rcito de Israel inform\u00f3 haber recuperado los cad\u00e1veres de tres rehenes que se encontraban en la Franja de Gaza desde el ataque del grupo islamista palestino Ham\u00e1s en suelo israel\u00ed el 7 de octubre. Los tres murieron aquel d\u00eda de la ofensiva que desencaden\u00f3 la guerra y fueron trasladados a Gaza. En un comunicado, indicaron que los cad\u00e1veres son&#8230;<\/p>\n","protected":false},"author":3,"featured_media":115084,"comment_status":"closed","ping_status":"closed","sticky":false,"template":"","format":"standard","meta":[],"categories":[4],"tags":[],"_links":{"self":[{"href":"https:\/\/www.actualidadadiario.com\/index.php\/wp-json\/wp\/v2\/posts\/115083"}],"collection":[{"href":"https:\/\/www.actualidadadiario.com\/index.php\/wp-json\/wp\/v2\/posts"}],"about":[{"href":"https:\/\/www.actualidadadiario.com\/index.php\/wp-json\/wp\/v2\/types\/post"}],"author":[{"embeddable":true,"href":"https:\/\/www.actualidadadiario.com\/index.php\/wp-json\/wp\/v2\/users\/3"}],"replies":[{"embeddable":true,"href":"https:\/\/www.actualidadadiario.com\/index.php\/wp-json\/wp\/v2\/comments?post=115083"}],"version-history":[{"count":1,"href":"https:\/\/www.actualidadadiario.com\/index.php\/wp-json\/wp\/v2\/posts\/115083\/revisions"}],"predecessor-version":[{"id":115085,"href":"https:\/\/www.actualidadadiario.com\/index.php\/wp-json\/wp\/v2\/posts\/115083\/revisions\/115085"}],"wp:featuredmedia":[{"embeddable":true,"href":"https:\/\/www.actualidadadiario.com\/index.php\/wp-json\/wp\/v2\/media\/115084"}],"wp:attachment":[{"href":"https:\/\/www.actualidadadiario.com\/index.php\/wp-json\/wp\/v2\/media?parent=115083"}],"wp:term":[{"taxonomy":"category","embeddable":true,"href":"https:\/\/www.actualidadadiario.com\/index.php\/wp-json\/wp\/v2\/categories?post=115083"},{"taxonomy":"post_tag","embeddable":true,"href":"https:\/\/www.actualidadadiario.com\/index.php\/wp-json\/wp\/v2\/tags?post=115083"}],"curies":[{"name":"wp","href":"https:\/\/api.w.org\/{rel}","templated":true}]}}