{"id":115071,"date":"2024-05-24T11:17:32","date_gmt":"2024-05-24T14:17:32","guid":{"rendered":"https:\/\/www.actualidadadiario.com\/?p=115071"},"modified":"2024-05-24T13:02:26","modified_gmt":"2024-05-24T16:02:26","slug":"adorni-sobre-sumar-a-sturzenegger-al-gabinete-no-esta-definida-la-posicion-que-ocupara","status":"publish","type":"post","link":"https:\/\/www.actualidadadiario.com\/index.php\/2024\/05\/24\/adorni-sobre-sumar-a-sturzenegger-al-gabinete-no-esta-definida-la-posicion-que-ocupara\/","title":{"rendered":"Adorni sobre sumar a Sturzenegger al Gabinete: &#8220;No est\u00e1 definida la posici\u00f3n que ocupar\u00e1&#8221;"},"content":{"rendered":"<p style=\"text-align: center;\"><em><strong>17<\/strong><\/em><\/p>\n<p>&nbsp;<\/p>\n<p>&nbsp;<\/p>\n<p>En medio de los rumores por los cambios del Gabinete Nacional y tras el adelanto del presidente Javier Milei, el vocero presidencial, Manuel Adorni, ratific\u00f3 la intenci\u00f3n de sumar al equipo formalmente al asesor presidencial Federico Sturzenegger.<\/p>\n<p>Al ser consultado en su conferencia de prensa habitual, el vocero se\u00f1al\u00f3 que\u00a0 &#8220;todav\u00eda no est\u00e1 definida cu\u00e1l va a ser la posici\u00f3n que ocupe\u201d el expresidente del Banco Central en la era macrista dentro del Gabinete, aunque lo elogi\u00f3: \u201cEs un colaborador fant\u00e1stico&#8221;.<\/p>\n<p>En ese sentido, Adorni \u00a0asegur\u00f3: \u201cTodo el mundo sabe lo que significa Federico Sturzenegger, viene colaborando hace tiempo con las ideas de la libertad, en desarrollar un Estado m\u00e1s moderno y con menos regulaciones&#8221;.\u00a0 &#8220;\u00c9l carga con un valor incalculable porque es una persona que tiene mucho para dar&#8221;, remarc\u00f3.<\/p>\n<p>Ayer los rumores sobre cambios en el equipo de gobierno giraron en torno al jefe de Gabinete, Nicol\u00e1s Posse, algo que el vocero desminti\u00f3 por la ma\u00f1ana, pero que luego el propio Presidente dej\u00f3 entrever en declaraciones por la noche. &#8220;Sobre supuestos no hablamos. Los supuestos son falsos en tanto y en cuanto un funcionario siga en su cargo\u201d, asever\u00f3 Adorni este viernes.<\/p>\n<p>Milei brind\u00f3 una entrevista a LN+ donde asegur\u00f3 que si logran obtener la aprobaci\u00f3n de la Ley de Bases que considera la \u201cprimera parte de las reformas estructurales\u201d, tiene que \u201cir a la segunda parte: entra Sturzzenegger como ministro&#8221;. En ese sentido, el mandatario sostuvo ayer que &#8220;llegado a ese primer hito, tenemos que hacer una evaluaci\u00f3n de resultados\u201d. \u201cNo solo Posse, sino todos los ministros, el que no funcion\u00f3, se cambia&#8221;.<\/p>\n<p>Al respecto, Adorni ratific\u00f3 esta ma\u00f1ana: \u201cEl presidente dijo que el Gabinete est\u00e1 en evaluaci\u00f3n permanente&#8221;. &#8220;Cuando esa evaluaci\u00f3n muestre que alguno de nosotros no est\u00e9 a la altura o hayamos cumplido un ciclo, el presidente va a ejecutar las acciones que crea conveniente. El presidente no retrasa decisiones&#8221;, concluy\u00f3.<\/p>\n","protected":false},"excerpt":{"rendered":"<p>17 &nbsp; &nbsp; En medio de los rumores por los cambios del Gabinete Nacional y tras el adelanto del presidente Javier Milei, el vocero presidencial, Manuel Adorni, ratific\u00f3 la intenci\u00f3n de sumar al equipo formalmente al asesor presidencial Federico Sturzenegger. Al ser consultado en su conferencia de prensa habitual, el vocero se\u00f1al\u00f3 que\u00a0 &#8220;todav\u00eda no est\u00e1 definida cu\u00e1l va a ser la posici\u00f3n que ocupe\u201d el expresidente del Banco Central en la era macrista dentro del Gabinete, aunque lo elogi\u00f3: \u201cEs un colaborador fant\u00e1stico&#8221;. En ese sentido, Adorni \u00a0asegur\u00f3: \u201cTodo&#8230;<\/p>\n","protected":false},"author":3,"featured_media":115072,"comment_status":"closed","ping_status":"closed","sticky":false,"template":"","format":"standard","meta":[],"categories":[18],"tags":[],"_links":{"self":[{"href":"https:\/\/www.actualidadadiario.com\/index.php\/wp-json\/wp\/v2\/posts\/115071"}],"collection":[{"href":"https:\/\/www.actualidadadiario.com\/index.php\/wp-json\/wp\/v2\/posts"}],"about":[{"href":"https:\/\/www.actualidadadiario.com\/index.php\/wp-json\/wp\/v2\/types\/post"}],"author":[{"embeddable":true,"href":"https:\/\/www.actualidadadiario.com\/index.php\/wp-json\/wp\/v2\/users\/3"}],"replies":[{"embeddable":true,"href":"https:\/\/www.actualidadadiario.com\/index.php\/wp-json\/wp\/v2\/comments?post=115071"}],"version-history":[{"count":1,"href":"https:\/\/www.actualidadadiario.com\/index.php\/wp-json\/wp\/v2\/posts\/115071\/revisions"}],"predecessor-version":[{"id":115073,"href":"https:\/\/www.actualidadadiario.com\/index.php\/wp-json\/wp\/v2\/posts\/115071\/revisions\/115073"}],"wp:featuredmedia":[{"embeddable":true,"href":"https:\/\/www.actualidadadiario.com\/index.php\/wp-json\/wp\/v2\/media\/115072"}],"wp:attachment":[{"href":"https:\/\/www.actualidadadiario.com\/index.php\/wp-json\/wp\/v2\/media?parent=115071"}],"wp:term":[{"taxonomy":"category","embeddable":true,"href":"https:\/\/www.actualidadadiario.com\/index.php\/wp-json\/wp\/v2\/categories?post=115071"},{"taxonomy":"post_tag","embeddable":true,"href":"https:\/\/www.actualidadadiario.com\/index.php\/wp-json\/wp\/v2\/tags?post=115071"}],"curies":[{"name":"wp","href":"https:\/\/api.w.org\/{rel}","templated":true}]}}