{"id":115067,"date":"2024-05-24T12:47:52","date_gmt":"2024-05-24T15:47:52","guid":{"rendered":"https:\/\/www.actualidadadiario.com\/?p=115067"},"modified":"2024-05-24T12:47:52","modified_gmt":"2024-05-24T15:47:52","slug":"diputados-de-la-ucr-denuncian-a-javier-milei-por-el-viaje-a-espana","status":"publish","type":"post","link":"https:\/\/www.actualidadadiario.com\/index.php\/2024\/05\/24\/diputados-de-la-ucr-denuncian-a-javier-milei-por-el-viaje-a-espana\/","title":{"rendered":"Diputados de la UCR denuncian a Javier Milei por el viaje a Espa\u00f1a"},"content":{"rendered":"<p style=\"text-align: center;\"><em><strong>La denuncia incluye al secretario de Culto, Francisco S\u00e1nchez. Se investiga el origen de los fondos que utiliz\u00f3 el mandatario para participar de una cumbre organizada en Madrid por el partido de ultraderecha Vox<\/strong><\/em><\/p>\n<p>&nbsp;<\/p>\n<p>&nbsp;<\/p>\n<p>Diputados de la Uni\u00f3n C\u00edvica Radical denunciaron penalmente al presidente Javier Milei por &#8220;peculado&#8221; y &#8220;defraudaci\u00f3n al Estado&#8221;, mientras crece el esc\u00e1ndalo por el origen de los fondos que utiliz\u00f3 el mandatario para costear su viaje a Espa\u00f1a, para participar de una cumbre organizada en Madrid por el partido de ultraderecha Vox. La denuncia incluye al secretario de Culto, Francisco S\u00e1nchez.<\/p>\n<p>La denuncia tambi\u00e9n alcanza a todos los funcionarios que participaron del viaje, argumentando que se utilizaron fondos del erario p\u00fablico.<\/p>\n<p>&nbsp;<\/p>\n<p><strong>Posible malversaci\u00f3n de fondos p\u00fablicos y defraudaci\u00f3n al Estado<\/strong><\/p>\n<p>Diputados nacionales de la UCR denunciaron penalmente al presidente Javier Milei para que se investigue si se cometieron delitos en el marco del viaje a Espa\u00f1a que realiz\u00f3 el mandatario, tras revelarse que fue de car\u00e1cter privado.<\/p>\n<p>Los diputados Fernando Carbajal, Pedro Galimberti y Manuel Aguirre pidieron que se investigue al Presidente y al Secretario de Culto por peculado y defraudaci\u00f3n al Estado a ra\u00edz del viaje que realizaron a Espa\u00f1a para participar del acto de organizaciones pol\u00edticas de la ultraderecha europea con fondos y bienes del Estado nacional.<\/p>\n<p>En la denuncia, que se suma a una anterior realizada en los tribunales de Comodoro Py, se consigna que el Presidente viaj\u00f3 a Espa\u00f1a por cuestiones estrictamente personales con fondos del Estado Nacional.<\/p>\n<p>Ayer se conoci\u00f3 una carta de la Embajada argentina en Madrid a la que tuvo acceso el diario EL PA\u00cdS que confirma que la visita carec\u00eda del car\u00e1cter oficial que le dio el presidente.<\/p>\n<p>Los diputados radicales remarcaron que el presidente \u201casisti\u00f3 a una actividad de car\u00e1cter partidaria y fue a presentar un libro de su aparente autor\u00eda. Sin embargo, tanto \u00e9l como su comitiva, viajaron con fondos del Estado\u201d.<\/p>\n","protected":false},"excerpt":{"rendered":"<p>La denuncia incluye al secretario de Culto, Francisco S\u00e1nchez. Se investiga el origen de los fondos que utiliz\u00f3 el mandatario para participar de una cumbre organizada en Madrid por el partido de ultraderecha Vox &nbsp; &nbsp; Diputados de la Uni\u00f3n C\u00edvica Radical denunciaron penalmente al presidente Javier Milei por &#8220;peculado&#8221; y &#8220;defraudaci\u00f3n al Estado&#8221;, mientras crece el esc\u00e1ndalo por el origen de los fondos que utiliz\u00f3 el mandatario para costear su viaje a Espa\u00f1a, para participar de una cumbre organizada en Madrid por el partido de ultraderecha Vox. La denuncia&#8230;<\/p>\n","protected":false},"author":3,"featured_media":115068,"comment_status":"closed","ping_status":"closed","sticky":false,"template":"","format":"standard","meta":[],"categories":[18],"tags":[],"_links":{"self":[{"href":"https:\/\/www.actualidadadiario.com\/index.php\/wp-json\/wp\/v2\/posts\/115067"}],"collection":[{"href":"https:\/\/www.actualidadadiario.com\/index.php\/wp-json\/wp\/v2\/posts"}],"about":[{"href":"https:\/\/www.actualidadadiario.com\/index.php\/wp-json\/wp\/v2\/types\/post"}],"author":[{"embeddable":true,"href":"https:\/\/www.actualidadadiario.com\/index.php\/wp-json\/wp\/v2\/users\/3"}],"replies":[{"embeddable":true,"href":"https:\/\/www.actualidadadiario.com\/index.php\/wp-json\/wp\/v2\/comments?post=115067"}],"version-history":[{"count":1,"href":"https:\/\/www.actualidadadiario.com\/index.php\/wp-json\/wp\/v2\/posts\/115067\/revisions"}],"predecessor-version":[{"id":115069,"href":"https:\/\/www.actualidadadiario.com\/index.php\/wp-json\/wp\/v2\/posts\/115067\/revisions\/115069"}],"wp:featuredmedia":[{"embeddable":true,"href":"https:\/\/www.actualidadadiario.com\/index.php\/wp-json\/wp\/v2\/media\/115068"}],"wp:attachment":[{"href":"https:\/\/www.actualidadadiario.com\/index.php\/wp-json\/wp\/v2\/media?parent=115067"}],"wp:term":[{"taxonomy":"category","embeddable":true,"href":"https:\/\/www.actualidadadiario.com\/index.php\/wp-json\/wp\/v2\/categories?post=115067"},{"taxonomy":"post_tag","embeddable":true,"href":"https:\/\/www.actualidadadiario.com\/index.php\/wp-json\/wp\/v2\/tags?post=115067"}],"curies":[{"name":"wp","href":"https:\/\/api.w.org\/{rel}","templated":true}]}}