{"id":115053,"date":"2024-05-24T11:28:05","date_gmt":"2024-05-24T14:28:05","guid":{"rendered":"https:\/\/www.actualidadadiario.com\/?p=115053"},"modified":"2024-05-24T11:33:00","modified_gmt":"2024-05-24T14:33:00","slug":"octava-jornada-de-protestas-en-misiones-sigue-la-tension-tras-los-incidentes-en-la-legislatura","status":"publish","type":"post","link":"https:\/\/www.actualidadadiario.com\/index.php\/2024\/05\/24\/octava-jornada-de-protestas-en-misiones-sigue-la-tension-tras-los-incidentes-en-la-legislatura\/","title":{"rendered":"Octava jornada de protestas en Misiones: sigue la tensi\u00f3n tras los incidentes en la Legislatura"},"content":{"rendered":"<p style=\"text-align: center;\"><em><strong>El gobierno provincial a\u00fan no alcanz\u00f3 un acuerdo con polic\u00edas, docentes y personal de salud. La ministra de Seguridad, Patricia Bullrich, anticip\u00f3 sanciones para los efectivos que cesen sus actividades<\/strong><\/em><\/p>\n<p>&nbsp;<\/p>\n<p>&nbsp;<\/p>\n<p>Misiones vive su octava jornada de protestas en el marco de un reclamo salarial llevado a cabo principalmente por polic\u00edas, docentes y personal de salud, quienes internaron este jueves ingresar por la fuerza a la Legislatura provincial. Adem\u00e1s, realizaron un reclamo en la puerta de la casa del gobernador, Hugo Passalacqua.<\/p>\n<p>Durante la noche del jueves se registraron incidentes despu\u00e9s de que la asamblea de polic\u00edas rechazara la \u00faltima oferta salarial del Gobierno de Hugo Passalacqua.<\/p>\n<p>Enfrente de la Legislatura se congregaron diferentes sectores que est\u00e1n en conflicto por reclamos salariales. Hubo forcejeos entre manifestantes y fuerzas de seguridad federales y luego algunos de ellos ingresaron al edificio. Minutos despu\u00e9s, un grupo de docentes se traslad\u00f3 hasta la casa del Gobernador donde fueron reprimidos por fuerzas de seguridad.<\/p>\n<p>A la tarde el gobierno realiz\u00f3 una nueva oferta a los uniformados de un 30% de aumento, 10 puntos m\u00e1s que la anterior, pero muy lejos del 100 que piden. Esta oferta fue rechazada por la asamblea de polic\u00edas autoconvocados. &#8220;Ese monto es irrisorio&#8221;, asegur\u00f3 Ram\u00f3n Amarilla, vocero de los polic\u00edas.<\/p>\n<p>&nbsp;<\/p>\n<p><strong>Misiones: crece la tensi\u00f3n por reclamos salarial de polic\u00edas, docentes y personal de salud<\/strong><\/p>\n<p>Luego de los incidentes del jueves, los manifestantes llevan adelante la octava jornada de protestas en la provincia y realizan un acampe sobre la Avenida Uruguay de Posadas.<\/p>\n<p>La ministra de Seguridad, Patricia Bullrich, se refiri\u00f3 a los hechos de protesta y, en el caso de los polic\u00edas, asegur\u00f3 que &#8220;la sublevaci\u00f3n es inadmisible&#8221;. &#8220;La polic\u00eda no puede hacer huelga, tiene que trabajar 24 por 7 por 365 y tiene que tener otros canales para conseguir su salario&#8221;, declar\u00f3 el pasado martes.<\/p>\n<p>Este viernes, en tanto se cumple una semana desde que el Comando Radioel\u00e9ctrico de la Unidad Regional 1 de la Polic\u00eda de Misiones est\u00e1 fuera de operaciones.<\/p>\n<p>Corrientes se suma a las protestas por reclamo salarial<\/p>\n<p>La tensi\u00f3n tambi\u00e9n aumenta en Corrientes: polic\u00edas y agentes retirados exigen un aumento salarial del 45% despu\u00e9s del 10% anunciado por el gobernador de la provincia, Gustavo Vald\u00e9s.<\/p>\n<p>Este mi\u00e9rcoles, los efectivos policiales se congregaron frente a la Casa de Gobierno reclamando una recomposici\u00f3n salarial. Advierten, adem\u00e1s, que podr\u00edan realizar un acampe como forma de protesta.<\/p>\n<p>El Sindicato \u00danico de Trabajadores de la Educaci\u00f3n de Corrientes (Suteco) solicit\u00f3 al Ministerio de Educaci\u00f3n y al de Hacienda de Corrientes urgente convocatoria a la mesa de negociaci\u00f3n salarial para debatir actualizaci\u00f3n con el haber de mayo para los docentes. El pedido se produjo tras la oficializaci\u00f3n del \u00edndice de inflaci\u00f3n de abril, que totaliz\u00f3 en 8,8 por ciento mensual, con una Canasta B\u00e1sica Total de 828.158 pesos.<\/p>\n","protected":false},"excerpt":{"rendered":"<p>El gobierno provincial a\u00fan no alcanz\u00f3 un acuerdo con polic\u00edas, docentes y personal de salud. La ministra de Seguridad, Patricia Bullrich, anticip\u00f3 sanciones para los efectivos que cesen sus actividades &nbsp; &nbsp; Misiones vive su octava jornada de protestas en el marco de un reclamo salarial llevado a cabo principalmente por polic\u00edas, docentes y personal de salud, quienes internaron este jueves ingresar por la fuerza a la Legislatura provincial. Adem\u00e1s, realizaron un reclamo en la puerta de la casa del gobernador, Hugo Passalacqua. Durante la noche del jueves se registraron&#8230;<\/p>\n","protected":false},"author":3,"featured_media":115056,"comment_status":"closed","ping_status":"closed","sticky":false,"template":"","format":"standard","meta":[],"categories":[2],"tags":[],"_links":{"self":[{"href":"https:\/\/www.actualidadadiario.com\/index.php\/wp-json\/wp\/v2\/posts\/115053"}],"collection":[{"href":"https:\/\/www.actualidadadiario.com\/index.php\/wp-json\/wp\/v2\/posts"}],"about":[{"href":"https:\/\/www.actualidadadiario.com\/index.php\/wp-json\/wp\/v2\/types\/post"}],"author":[{"embeddable":true,"href":"https:\/\/www.actualidadadiario.com\/index.php\/wp-json\/wp\/v2\/users\/3"}],"replies":[{"embeddable":true,"href":"https:\/\/www.actualidadadiario.com\/index.php\/wp-json\/wp\/v2\/comments?post=115053"}],"version-history":[{"count":1,"href":"https:\/\/www.actualidadadiario.com\/index.php\/wp-json\/wp\/v2\/posts\/115053\/revisions"}],"predecessor-version":[{"id":115054,"href":"https:\/\/www.actualidadadiario.com\/index.php\/wp-json\/wp\/v2\/posts\/115053\/revisions\/115054"}],"wp:featuredmedia":[{"embeddable":true,"href":"https:\/\/www.actualidadadiario.com\/index.php\/wp-json\/wp\/v2\/media\/115056"}],"wp:attachment":[{"href":"https:\/\/www.actualidadadiario.com\/index.php\/wp-json\/wp\/v2\/media?parent=115053"}],"wp:term":[{"taxonomy":"category","embeddable":true,"href":"https:\/\/www.actualidadadiario.com\/index.php\/wp-json\/wp\/v2\/categories?post=115053"},{"taxonomy":"post_tag","embeddable":true,"href":"https:\/\/www.actualidadadiario.com\/index.php\/wp-json\/wp\/v2\/tags?post=115053"}],"curies":[{"name":"wp","href":"https:\/\/api.w.org\/{rel}","templated":true}]}}