{"id":115050,"date":"2024-05-24T11:08:54","date_gmt":"2024-05-24T14:08:54","guid":{"rendered":"https:\/\/www.actualidadadiario.com\/?p=115050"},"modified":"2024-05-24T11:23:18","modified_gmt":"2024-05-24T14:23:18","slug":"cambios-en-la-ley-de-ministerios-que-paso-a-horas-de-que-milei-avale-los-rumores","status":"publish","type":"post","link":"https:\/\/www.actualidadadiario.com\/index.php\/2024\/05\/24\/cambios-en-la-ley-de-ministerios-que-paso-a-horas-de-que-milei-avale-los-rumores\/","title":{"rendered":"Cambios en la Ley de Ministerios: qu\u00e9 pas\u00f3 a horas de que Milei avale los rumores"},"content":{"rendered":"<p style=\"text-align: center;\"><em><strong>Mediante un Decreto el Presidente transfiri\u00f3 la responsabilidad de la prevenci\u00f3n y erradicaci\u00f3n de la violencia de g\u00e9nero, y la asistencia a las v\u00edctimas, del Ministerio de Capital Humano al de Justicia. &#8220;El que no funcion\u00f3, se cambia&#8221;, adelant\u00f3 Milei sobre los ministros<\/strong><\/em><\/p>\n<p>&nbsp;<\/p>\n<p>&nbsp;<\/p>\n<p>En medio de los rumores de cambios en el Gabinete desmentidos por el vocero presidencial pero confirmados por el presidente Javier Milei, este viernes se oficializ\u00f3 una modificaci\u00f3n a la Ley de Ministerios.<\/p>\n<p>Esta ma\u00f1ana se public\u00f3 en el Bolet\u00edn Oficial el Decreto 450\/24 firmado por el presidente Javier Milei y todo su gabinete. En la norma se le quitaron competencias al Ministerio de Capital Humano, a cargo de Sandra Pettovello, y se las dieron al de Justicia que dirige Mariano C\u00faneo Libarona.<\/p>\n<p>En definitiva, Capital Humano deja de estar a cargo de las pol\u00edticas p\u00fablicas vinculadas a la &#8220;prevenci\u00f3n y erradicaci\u00f3n de la violencia por razones de g\u00e9nero y de asistencia integral a las v\u00edctimas&#8221;. Y ya no tiene la responsabilidad de hacer cumplir los compromisos internacionales &#8220;en materia de pol\u00edticas de g\u00e9nero, igualdad y diversidad&#8221;. Ambas funciones quedan a cargo de la cartera de C\u00faneo Libarona.<\/p>\n<p>Sin mayores detalles, el Decreto firmado por Milei explica que &#8220;la medida propuesta resulta impostergable para la gesti\u00f3n del gobierno&#8221;.<\/p>\n<p>Mediante otro Decreto, adem\u00e1s, se transfiri\u00f3 la Subsecretar\u00eda de Protecci\u00f3n contra la Violencia de G\u00e9nero de Capital Humano a Justicia.<\/p>\n<p>La modificaci\u00f3n de la Ley de Ministerios oficializada este viernes lleg\u00f3 en medio de rumores por posibles cambios en el gabinete libertario. Ayer los dichos giraban en torno a el jefe de los ministros Nicol\u00e1s Posse, algo que el vocero presidencial, Manuel Adorni, se encarg\u00f3 de desmentir por la ma\u00f1ana: &#8220;Es absolutamente falso&#8221;, asegur\u00f3 en conferencia de prensa al tiempo que desminti\u00f3 modificaciones en los ministerios y descart\u00f3 que el lugar en la jefatura del gabinete lo pueda ocupar la ministra de Seguridad, Patricia Bullrich.<\/p>\n<p>Sin embargo, el presidente se encarg\u00f3 de confirmar los rumores horas m\u00e1s tarde. &#8220;Si sale Bases, tenemos que ir a la segunda parte, entra (Federico) Sturzzenegger como ministro&#8221;, anunci\u00f3 en una entrevista para el canal LN+.<\/p>\n<p>El mandatario asegur\u00f3 que la Ley de Bases, todav\u00eda en tratamiento, ser\u00e1 &#8220;el primer hito de este Gobierno&#8221;. &#8220;Llegado a ese primer hito, tenemos que hacer una evaluaci\u00f3n de resultados. No solo Posse, sino todos los ministros&#8221;, remarc\u00f3 Milei y asever\u00f3: &#8220;El que no funcion\u00f3, se cambia&#8221;.<\/p>\n","protected":false},"excerpt":{"rendered":"<p>Mediante un Decreto el Presidente transfiri\u00f3 la responsabilidad de la prevenci\u00f3n y erradicaci\u00f3n de la violencia de g\u00e9nero, y la asistencia a las v\u00edctimas, del Ministerio de Capital Humano al de Justicia. &#8220;El que no funcion\u00f3, se cambia&#8221;, adelant\u00f3 Milei sobre los ministros &nbsp; &nbsp; En medio de los rumores de cambios en el Gabinete desmentidos por el vocero presidencial pero confirmados por el presidente Javier Milei, este viernes se oficializ\u00f3 una modificaci\u00f3n a la Ley de Ministerios. Esta ma\u00f1ana se public\u00f3 en el Bolet\u00edn Oficial el Decreto 450\/24 firmado&#8230;<\/p>\n","protected":false},"author":3,"featured_media":111921,"comment_status":"closed","ping_status":"closed","sticky":false,"template":"","format":"standard","meta":[],"categories":[18],"tags":[],"_links":{"self":[{"href":"https:\/\/www.actualidadadiario.com\/index.php\/wp-json\/wp\/v2\/posts\/115050"}],"collection":[{"href":"https:\/\/www.actualidadadiario.com\/index.php\/wp-json\/wp\/v2\/posts"}],"about":[{"href":"https:\/\/www.actualidadadiario.com\/index.php\/wp-json\/wp\/v2\/types\/post"}],"author":[{"embeddable":true,"href":"https:\/\/www.actualidadadiario.com\/index.php\/wp-json\/wp\/v2\/users\/3"}],"replies":[{"embeddable":true,"href":"https:\/\/www.actualidadadiario.com\/index.php\/wp-json\/wp\/v2\/comments?post=115050"}],"version-history":[{"count":2,"href":"https:\/\/www.actualidadadiario.com\/index.php\/wp-json\/wp\/v2\/posts\/115050\/revisions"}],"predecessor-version":[{"id":115052,"href":"https:\/\/www.actualidadadiario.com\/index.php\/wp-json\/wp\/v2\/posts\/115050\/revisions\/115052"}],"wp:featuredmedia":[{"embeddable":true,"href":"https:\/\/www.actualidadadiario.com\/index.php\/wp-json\/wp\/v2\/media\/111921"}],"wp:attachment":[{"href":"https:\/\/www.actualidadadiario.com\/index.php\/wp-json\/wp\/v2\/media?parent=115050"}],"wp:term":[{"taxonomy":"category","embeddable":true,"href":"https:\/\/www.actualidadadiario.com\/index.php\/wp-json\/wp\/v2\/categories?post=115050"},{"taxonomy":"post_tag","embeddable":true,"href":"https:\/\/www.actualidadadiario.com\/index.php\/wp-json\/wp\/v2\/tags?post=115050"}],"curies":[{"name":"wp","href":"https:\/\/api.w.org\/{rel}","templated":true}]}}