{"id":115047,"date":"2024-05-24T11:19:30","date_gmt":"2024-05-24T14:19:30","guid":{"rendered":"https:\/\/www.actualidadadiario.com\/?p=115047"},"modified":"2024-05-24T11:19:30","modified_gmt":"2024-05-24T14:19:30","slug":"milei-en-cordoba-el-desembarco-en-su-bastion-electoral-el-reclamo-del-intendente-y-el-gremio-que-amenaza-bloquear-el-aeropuerto","status":"publish","type":"post","link":"https:\/\/www.actualidadadiario.com\/index.php\/2024\/05\/24\/milei-en-cordoba-el-desembarco-en-su-bastion-electoral-el-reclamo-del-intendente-y-el-gremio-que-amenaza-bloquear-el-aeropuerto\/","title":{"rendered":"Milei en C\u00f3rdoba: el desembarco en su basti\u00f3n electoral, el reclamo del intendente y el gremio que amenaza bloquear el aeropuerto"},"content":{"rendered":"<p style=\"text-align: center;\"><em><strong>\u201cLa Oficina del Presidente convoca a la ciudadan\u00eda a celebrar el D\u00eda de la Patria en un nuevo Cabildo Abierto\u201d, informaron desde las cuentas de Casa Rosada<\/strong><\/em><\/p>\n<p>&nbsp;<\/p>\n<p>&nbsp;<\/p>\n<p>Javier Milei confirm\u00f3 su visita a la Ciudad de C\u00f3rdoba en el marco de un nuevo aniversario de la Revoluci\u00f3n de Mayo. A pesar del frustrado pacto que pretend\u00eda firmar con los gobernadores, paralizado ante el naufragio de la Ley Bases en el Senado, el mandatario nacional cambi\u00f3 el eje de su llegada a la Docta y se presentar\u00e1 este s\u00e1bado a las 14 horas en la Plaza San Mart\u00edn para dar una demostraci\u00f3n de fuerza en las calles. \u201cLa Oficina del Presidente convoca a la ciudadan\u00eda a celebrar el D\u00eda de la Patria en un nuevo Cabildo Abierto\u201d, fue una de las premisas que informaron en las \u00faltimas horas desde las cuentas oficiales de la Casa Rosada.<\/p>\n<p>C\u00f3rdoba no es un destino menor para Milei. Es la segunda provincia en cuanto a cantidad de electores (8,66%) a nivel nacional mientras que tambi\u00e9n se trata del reducto en donde el libertario cosech\u00f3 el demoledor 74% de los votos en el balotaje que lo catapult\u00f3 al poder. Seis meses despu\u00e9s, volver\u00e1 en condici\u00f3n de Presidente por primera vez y, en medio de la retracci\u00f3n econ\u00f3mica, la militancia prepara un marco partidario para revalidar su arraigo con la palanca de la fecha patria. \u201cEstamos organizando la juventud libertaria con presencia en toda la provincia y el s\u00e1bado vamos a ir con una gran caravana a recibir al presidente\u201d, promete un armador territorial cordob\u00e9s.<\/p>\n<p>Entre los alfiles de La Libertad Avanza (LLA) se encuentra el flamante jefe del bloque de diputados, Gabriel Bornoroni. Oriundo de C\u00f3rdoba, el presidente de la Federaci\u00f3n de Expendedores de Combustibles y Afines del Centro de la Rep\u00fablica Argentina (FECAC) salt\u00f3 a la primera plana cuando reemplaz\u00f3 a Oscar Zago (MID) en la conducci\u00f3n de la bancada oficialista en la C\u00e1mara Baja a principios de abril. En paralelo, el cambio tambi\u00e9n estuvo asociado a la ingenier\u00eda de la secretaria general de la presidencia, Karina Milei, de consolidar el sello como partido de alcance nacional. El primer paso fue la Ciudad de Buenos Aires, el siguiente podr\u00eda ser la provincia de C\u00f3rdoba y con Bornoroni a la cabeza.<\/p>\n<p>\u201cComo cordob\u00e9s puedo decir que la expectativa es excelente. Milei es la voz de la gente que se cans\u00f3 de que le metan la mano en el bolsillo. Yo calculo que m\u00e1s del 80% f\u00e1cil en C\u00f3rdoba lo apoya actualmente\u201d, cuenta Cristian, chofer de taxi y fiscal de LLA en la \u00faltima elecci\u00f3n. \u201cNunca antes me hab\u00eda vinculado as\u00ed con la pol\u00edtica. Yo siempre me negu\u00e9 a votar: prefer\u00eda pagar la multa o impugnar. Pero desde que apareci\u00f3 Milei me siento realmente representado por primera vez y creo que a muchos cordobeses le ha pasado lo mismo que a m\u00ed\u201d, concreta y cierra: \u201cEl que cree que Milei va a aflojar en alg\u00fan momento, se equivoca\u201d.<\/p>\n<p>Todav\u00eda no est\u00e1 definida la comitiva que va a acompa\u00f1ar al Presidente. Se da por descontado la presencia de su hermana Karina Milei, del vocero Manuel Adorni e incluso del diputado Jos\u00e9 Luis Espert, cuyo protagonismo ha crecido en el \u00faltimo tiempo, a los que se a\u00f1adir\u00edan representantes ministeriales como Guillermo Francos (Interior). En el tablero local, a Bornoroni se le suma Agust\u00edn Spaccesi, ex candidato a gobernador de C\u00f3rdoba y hoy legislador provincial, secundados por organizaciones militantes en crecimiento, como la Agrupaci\u00f3n Liberal Alberdi, de corte universitario, y vecinos o votantes de Milei no caracterizados. En cambio, a\u00fan no est\u00e1 confirmada la vicepresidenta Victoria Villarruel.<\/p>\n<p>&nbsp;<\/p>\n<p><strong>Los cortocircuitos con Llaryora y el reclamo del intendente de C\u00f3rdoba Capital<\/strong><\/p>\n<p>El gobernador de C\u00f3rdoba, Mart\u00edn Llaryora, ha cuestionado la incertidumbre por la que naveg\u00f3 la llegada de Milei a su provincia. En ese sentido, le reclam\u00f3 al Gobierno Nacional \u201cbajar el nivel de improvisaci\u00f3n\u201d mientras aumentaban los rumores de cancelar el Pacto de Mayo. Con la confirmaci\u00f3n, el mandatario oriundo de la ciudad de San Francisco comandar\u00e1 por la ma\u00f1ana un acto propio en R\u00edo Cuarto con la presencia de intendentes cordobeses y el tradicional desfile c\u00edvico- militar. Al mediod\u00eda, se espera que retome la vuelta y se encuentre con el Presidente en la Capital, un encuentro al que se sumar\u00e1 Daniel Passerini, intendente de la Capital.<\/p>\n<p>Passerini calific\u00f3 \u201cde atropello\u201d la quita de subsidios en materia de transporte de Naci\u00f3n al Interior. Incluso, junto a otros 22 jefes municipales de principales ciudades de todo el pa\u00eds, entre los que se encuentra Pablo Javkin (Rosario), el pr\u00f3ximo 4 de junio ir\u00e1n al Congreso de la Naci\u00f3n para reunirse con bloques de diputados y senadores para intentar resolver por la v\u00eda parlamentaria el conflicto. La Ciudad de C\u00f3rdoba tiene una de las tarifas del boleto de colectivo m\u00e1s caras de todo el territorio nacional. En lo que va del a\u00f1o, el transporte interurbano lleva un aumento acumulado que supera el 270% y ya se prev\u00e9n nuevos incrementos en el corto plazo.<\/p>\n<p>Incluso, se lleg\u00f3 a dudar en alg\u00fan momento sobre la presencia de Passerini, que en las \u00faltimas horas mantuvo una gira internacional por Italia, donde fue recibido por el Papa Francisco en la sede del Vaticano. Sin embargo, el propio intendente cordob\u00e9s sali\u00f3 a desmentir el rumor y confirm\u00f3 su asistencia para el recibimiento de Milei durante el s\u00e1bado. \u201cAl Presidente siempre se lo tiene que recibir bien, se llame como se llame. Es el Presidente y es nuestra responsabilidad y no deja de ser un honor que visite C\u00f3rdoba por primera vez como Presidente\u201d, marc\u00f3 durante una entrevista con el canal El Doce. \u201cElegimos un camino institucional que es ir al Congreso de la Naci\u00f3n (sobre el fondo del transporte), ya yo le ped\u00ed a la senadora Alejandra Vigo, que es nuestra senadora por C\u00f3rdoba\u201d, agreg\u00f3.<\/p>\n<p>&nbsp;<\/p>\n<p><strong>Protestas sociales y la advertencia de ATE: \u201cVamos a bloquear el Aeropuerto de C\u00f3rdoba\u201d<\/strong><\/p>\n<p>Pese a la popularidad con la que goza el presidente Milei en C\u00f3rdoba, su llegada no estar\u00e1 exenta de protestas y reclamos, un escenario que ya genera preocupaci\u00f3n en el operativo de seguridad. Gremios y movimientos sociales llamaron esta semana a movilizarse a partir de las 11 de la ma\u00f1ana sobre la avenida General Paz y la Circunvalaci\u00f3n que rodea el trazado urbano, uno de los principales accesos a la ciudad. Tambi\u00e9n se espera un intento de \u201cbloqueo\u201d en el ingreso del Aeropuerto Internacional de C\u00f3rdoba \u201cIngeniero Aeron\u00e1utico Ambrosio Taravella\u201d, por donde se espera que arribe el mandatario alrededor del mediod\u00eda tras participar del tedeum en la Catedral Metropolitana de Buenos Aires.<\/p>\n<p>As\u00ed lo confirm\u00f3 el secretario general provincial del sindicato de ATE C\u00f3rdoba, Federico Giuliani: \u201cEn ese contexto vamos a bloquear el Aeropuerto de C\u00f3rdoba, a cortar la Circunvalaci\u00f3n y si podemos, ya que dicen que va a ser un acto y un cabildo abierto, vamos a ir como estatales a expresar nuestro repudio a su pol\u00edtica de ajustes\u201d. El sindicalista sostuvo que en C\u00f3rdoba \u201cel primero de abril hubo 164 despidos en distintos organismos (del Estado)\u201d, a los que calific\u00f3 de \u201cinjustificados y arbitrarios&#8221; con trabajadores \u201cde entre 25 y 30 a\u00f1os de antig\u00fcedad\u201d. A modo de cierre, marc\u00f3 que \u201cla mayor\u00eda son profesionales que hoy tienen m\u00e1s de 50 a\u00f1os de edad y que quedaron totalmente al margen del sistema laboral\u201d.<\/p>\n","protected":false},"excerpt":{"rendered":"<p>\u201cLa Oficina del Presidente convoca a la ciudadan\u00eda a celebrar el D\u00eda de la Patria en un nuevo Cabildo Abierto\u201d, informaron desde las cuentas de Casa Rosada &nbsp; &nbsp; Javier Milei confirm\u00f3 su visita a la Ciudad de C\u00f3rdoba en el marco de un nuevo aniversario de la Revoluci\u00f3n de Mayo. A pesar del frustrado pacto que pretend\u00eda firmar con los gobernadores, paralizado ante el naufragio de la Ley Bases en el Senado, el mandatario nacional cambi\u00f3 el eje de su llegada a la Docta y se presentar\u00e1 este s\u00e1bado&#8230;<\/p>\n","protected":false},"author":3,"featured_media":114968,"comment_status":"closed","ping_status":"closed","sticky":false,"template":"","format":"standard","meta":[],"categories":[18],"tags":[],"_links":{"self":[{"href":"https:\/\/www.actualidadadiario.com\/index.php\/wp-json\/wp\/v2\/posts\/115047"}],"collection":[{"href":"https:\/\/www.actualidadadiario.com\/index.php\/wp-json\/wp\/v2\/posts"}],"about":[{"href":"https:\/\/www.actualidadadiario.com\/index.php\/wp-json\/wp\/v2\/types\/post"}],"author":[{"embeddable":true,"href":"https:\/\/www.actualidadadiario.com\/index.php\/wp-json\/wp\/v2\/users\/3"}],"replies":[{"embeddable":true,"href":"https:\/\/www.actualidadadiario.com\/index.php\/wp-json\/wp\/v2\/comments?post=115047"}],"version-history":[{"count":1,"href":"https:\/\/www.actualidadadiario.com\/index.php\/wp-json\/wp\/v2\/posts\/115047\/revisions"}],"predecessor-version":[{"id":115048,"href":"https:\/\/www.actualidadadiario.com\/index.php\/wp-json\/wp\/v2\/posts\/115047\/revisions\/115048"}],"wp:featuredmedia":[{"embeddable":true,"href":"https:\/\/www.actualidadadiario.com\/index.php\/wp-json\/wp\/v2\/media\/114968"}],"wp:attachment":[{"href":"https:\/\/www.actualidadadiario.com\/index.php\/wp-json\/wp\/v2\/media?parent=115047"}],"wp:term":[{"taxonomy":"category","embeddable":true,"href":"https:\/\/www.actualidadadiario.com\/index.php\/wp-json\/wp\/v2\/categories?post=115047"},{"taxonomy":"post_tag","embeddable":true,"href":"https:\/\/www.actualidadadiario.com\/index.php\/wp-json\/wp\/v2\/tags?post=115047"}],"curies":[{"name":"wp","href":"https:\/\/api.w.org\/{rel}","templated":true}]}}