{"id":115044,"date":"2024-05-24T11:16:49","date_gmt":"2024-05-24T14:16:49","guid":{"rendered":"https:\/\/www.actualidadadiario.com\/?p=115044"},"modified":"2024-05-24T12:46:44","modified_gmt":"2024-05-24T15:46:44","slug":"karina-define-el-reemplazante-de-posse","status":"publish","type":"post","link":"https:\/\/www.actualidadadiario.com\/index.php\/2024\/05\/24\/karina-define-el-reemplazante-de-posse\/","title":{"rendered":"La Uni\u00f3n Europea apunta contra Javier Milei y repudia el &#8220;ataque frontal y directo&#8221; hacia Pedro S\u00e1nchez"},"content":{"rendered":"<p style=\"text-align: center;\"><em><strong>El Alto Representante de la Uni\u00f3n Europea en materia de pol\u00edtica exterior, Josep Borrell, defendi\u00f3 al mandatario espa\u00f1ol. Adem\u00e1s, habl\u00f3 de la importancia del &#8220;sentido com\u00fan&#8221;<\/strong><\/em><\/p>\n<p>&nbsp;<\/p>\n<p>&nbsp;<\/p>\n<p>El Alto Representante de la Uni\u00f3n Europea para Pol\u00edtica Exterior, Josep Borrell, se pronunci\u00f3 sobre las cr\u00edticas del presidente Javier Milei hacia su par Pedro S\u00e1nchez y habl\u00f3 de &#8220;descalificaciones basadas en falsedades&#8221;: &#8220;El ataque frontal y directo que ha venido a hacer en Espa\u00f1a no nos parece adecuado&#8221;.<\/p>\n<p>En declaraciones televisivas, el dirigente europeo se refiri\u00f3 a la importancia del &#8220;sentido com\u00fan&#8221; y esgrimi\u00f3 una defensa sobre las acusaciones, replicadas por el propio Milei, que recaen sobre la esposa del presidente espa\u00f1ol:<\/p>\n<p>\u201cQue yo sepa, la esposa del presidente del gobierno de Espa\u00f1a no est\u00e1 imputada en ninguna causa. Entonces, que el presidente de una rep\u00fablica amiga diga que en Espa\u00f1a tenemos un problema grav\u00edsimo porque estamos todos corruptos y en particular una se\u00f1ora que no est\u00e1 imputada por nada\u2026\u201d.<\/p>\n<p>Y agreg\u00f3: \u201cPara nosotros, los europeos, el estado de bienestar y la redistribuci\u00f3n fiscal para conseguir una sociedad cohesionada es una parte fundamental\u201d. El alto mando de Europa defendi\u00f3 el modelo pol\u00edtico y social pregonado desde occidente y compar\u00f3 las palabras de Milei con las burlas expresadas por el expresidente de Brasil, Jair Bolsonaro, sobre la diferencia de edad entre el presidente franc\u00e9s Emmanuel Macron y su esposa Brigitte, 24 a\u00f1os mayor que \u00e9l.<\/p>\n<p>&nbsp;<\/p>\n<p><strong>Las cr\u00edticas de la Uni\u00f3n Europea a Javier Milei<\/strong><\/p>\n<p>Borrell, quien posee la doble ciudadan\u00eda y cuyo padre es de origen argentino, no ces\u00f3 en sus cr\u00edticas al presidente libertario. \u201cHe sido secretario de Hacienda. Que alguien venga a decirme que he estado robando a los ciudadanos de forma violenta por establecer un sistema fiscal que permita pagar las pensiones y garantizar la sanidad y la educaci\u00f3n, que es un modelo pol\u00edtico y social europeo, no nos parece adecuado\u201d, declar\u00f3.<\/p>\n<p>Por su descendencia, el l\u00edder de la UE revel\u00f3 que \u201cArgentina es un pa\u00eds especialmente querido\u201c, e insisti\u00f3: \u201cMe duele mucho esta confrontaci\u00f3n y creo que las formas no son adecuadas. Se puede estar en contra de los planteamientos pol\u00edticos y del socialismo democr\u00e1tico, pero decir que eso es el diablo personificado, que ha causado millones de muertos y que se basa en el robo sistem\u00e1tico, no nos parece que sea la forma adecuada de debatir en pol\u00edtica\u201d.<\/p>\n<p>En una carta, el Gobierno admiti\u00f3 que el viaje de Javier Milei a Espa\u00f1a fue &#8220;una visita privada&#8221;<\/p>\n<p>El Gobierno envi\u00f3 una carta a las autoridades espa\u00f1olas y asegur\u00f3 que el \u00faltimo viaje de Javier Milei fue realizado en el marco de &#8220;una visita privada&#8221;, seg\u00fan explic\u00f3 el embajador Roberto Bosch al Ministerio de Asuntos Exteriores. La versi\u00f3n contradice a los argumentos brindados por el vocero presidencial Manuel Adorni, quien en conferencia de prensa calific\u00f3 la visita como una actividad oficial del Jefe de Estado.<\/p>\n<p>Seg\u00fan detall\u00f3 el diario El Pa\u00eds, el embajador argentino hab\u00eda informado que &#8220;el Se\u00f1or Presidente de la Rep\u00fablica Argentina, D. Javier Gerardo Milei, estar\u00e1 en Espa\u00f1a entre los d\u00edas 17 y 19 de mayo, en visita privada&#8221;. El texto aclara que el Presidente ir\u00eda acompa\u00f1ado por \u201cla Secretaria General de Presidencia\u201d Karina Milei. Informa, adem\u00e1s, la utilizaci\u00f3n del avi\u00f3n presidencial para el traslado.<\/p>\n<p>El presidente Javier Milei arrib\u00f3 a Espa\u00f1a el pasado viernes, donde present\u00f3 su nuevo libro, se reuni\u00f3 con empresarios y particip\u00f3 de la cumbre mundial de l\u00edderes de ultraderecha organizada por el partido VOX de Santiago Abascal.<\/p>\n","protected":false},"excerpt":{"rendered":"<p>El Alto Representante de la Uni\u00f3n Europea en materia de pol\u00edtica exterior, Josep Borrell, defendi\u00f3 al mandatario espa\u00f1ol. Adem\u00e1s, habl\u00f3 de la importancia del &#8220;sentido com\u00fan&#8221; &nbsp; &nbsp; El Alto Representante de la Uni\u00f3n Europea para Pol\u00edtica Exterior, Josep Borrell, se pronunci\u00f3 sobre las cr\u00edticas del presidente Javier Milei hacia su par Pedro S\u00e1nchez y habl\u00f3 de &#8220;descalificaciones basadas en falsedades&#8221;: &#8220;El ataque frontal y directo que ha venido a hacer en Espa\u00f1a no nos parece adecuado&#8221;. En declaraciones televisivas, el dirigente europeo se refiri\u00f3 a la importancia del &#8220;sentido&#8230;<\/p>\n","protected":false},"author":3,"featured_media":115065,"comment_status":"closed","ping_status":"closed","sticky":false,"template":"","format":"standard","meta":[],"categories":[18],"tags":[],"_links":{"self":[{"href":"https:\/\/www.actualidadadiario.com\/index.php\/wp-json\/wp\/v2\/posts\/115044"}],"collection":[{"href":"https:\/\/www.actualidadadiario.com\/index.php\/wp-json\/wp\/v2\/posts"}],"about":[{"href":"https:\/\/www.actualidadadiario.com\/index.php\/wp-json\/wp\/v2\/types\/post"}],"author":[{"embeddable":true,"href":"https:\/\/www.actualidadadiario.com\/index.php\/wp-json\/wp\/v2\/users\/3"}],"replies":[{"embeddable":true,"href":"https:\/\/www.actualidadadiario.com\/index.php\/wp-json\/wp\/v2\/comments?post=115044"}],"version-history":[{"count":3,"href":"https:\/\/www.actualidadadiario.com\/index.php\/wp-json\/wp\/v2\/posts\/115044\/revisions"}],"predecessor-version":[{"id":115066,"href":"https:\/\/www.actualidadadiario.com\/index.php\/wp-json\/wp\/v2\/posts\/115044\/revisions\/115066"}],"wp:featuredmedia":[{"embeddable":true,"href":"https:\/\/www.actualidadadiario.com\/index.php\/wp-json\/wp\/v2\/media\/115065"}],"wp:attachment":[{"href":"https:\/\/www.actualidadadiario.com\/index.php\/wp-json\/wp\/v2\/media?parent=115044"}],"wp:term":[{"taxonomy":"category","embeddable":true,"href":"https:\/\/www.actualidadadiario.com\/index.php\/wp-json\/wp\/v2\/categories?post=115044"},{"taxonomy":"post_tag","embeddable":true,"href":"https:\/\/www.actualidadadiario.com\/index.php\/wp-json\/wp\/v2\/tags?post=115044"}],"curies":[{"name":"wp","href":"https:\/\/api.w.org\/{rel}","templated":true}]}}