{"id":115040,"date":"2024-05-24T11:05:56","date_gmt":"2024-05-24T14:05:56","guid":{"rendered":"https:\/\/www.actualidadadiario.com\/?p=115040"},"modified":"2024-05-24T11:05:56","modified_gmt":"2024-05-24T14:05:56","slug":"francos-el-presidente-tiene-todo-el-manejo-de-su-equipo-y-resuelve-cuando-le-parece","status":"publish","type":"post","link":"https:\/\/www.actualidadadiario.com\/index.php\/2024\/05\/24\/francos-el-presidente-tiene-todo-el-manejo-de-su-equipo-y-resuelve-cuando-le-parece\/","title":{"rendered":"Francos: &#8220;El presidente tiene todo el manejo de su equipo y resuelve cuando le parece&#8221;"},"content":{"rendered":"<p style=\"text-align: center;\"><em><strong>As\u00ed se expres\u00f3 el ministro del Interior en medio de las versiones sobre una inminente salida de Nicol\u00e1s Posse. Respecto al conflicto en Misiones, fue contundente: &#8220;El Gobierno no puede meterse&#8221;<\/strong><\/em><\/p>\n<p>&nbsp;<\/p>\n<p>&nbsp;<\/p>\n<p>El ministro del Interior, Guillermo Francos, asegur\u00f3 que las protestas impulsadas por trabajadores de la Polic\u00eda, la salud y la educaci\u00f3n en Misiones configura un &#8220;tema de la provincia\u201d que debe resolver la administraci\u00f3n local. \u201cEl gobernador sabe que cuenta con nuestro apoyo\u201d, sostuvo.<\/p>\n<p>\u201cConvers\u00e9 con el gobernador, por supuesto, en estos d\u00edas dos o tres veces. Nos pusimos a disposici\u00f3n. Es un tema al que claramente tiene que buscarle una soluci\u00f3n la provincia\u201d, afirm\u00f3 en una entrevista para Radio Rivadavia sobre el di\u00e1logo abierto con Hugo Passalacqua.<\/p>\n<p>En la misma l\u00ednea, aclar\u00f3: &#8220;El Gobierno no puede meterse a tratar de solucionar los problemas porque ellos tienen sus metodolog\u00edas, sus formas\u201d.<\/p>\n<p>\u201cEn funci\u00f3n de que hay un reclamo policial y que un sector de la Polic\u00eda par\u00f3, la ministra (Patricia) Bullrich inmediatamente se puso a disposici\u00f3n con las fuerzas federales para garantizar la seguridad en alg\u00fan lugar donde no est\u00e9 la Polic\u00eda presente, pero no ha hecho falta\u201d, revel\u00f3 el funcionario.<\/p>\n<p>&nbsp;<\/p>\n<p><strong>La actualidad del Gabinete<\/strong><\/p>\n<p>En otro pasaje de la entrevista, Francos plante\u00f3 que continuar\u00e1 en funciones hasta que el presidente Javier Milei lo solicite. Sus dichos llegan luego de que el mandatario asegurara que tras la sanci\u00f3n de la Ley Bases, todos sus colaboradores estar\u00e1n en an\u00e1lisis.<\/p>\n<p>\u201cSon todas versiones. No hay que detenerse en esos temas. El Presidente fue muy claro, dijo que hay una primera etapa de Gobierno que culmina con la aprobaci\u00f3n de la ley Bases y que comienza otros que tendr\u00e1 nuevos objetivos y cu\u00e1l va a ser el mejor equipo\u201d, aclar\u00f3, y agreg\u00f3: \u201cLe rest\u00f3 importancia a las versiones y sigo en mi tarea hasta que el Presidente me diga&#8221;.<\/p>\n<p>Seg\u00fan el funcionario nacional, \u201cel presidente tiene todo el manejo de su equipo y resuelve cuando le parece\u201d.<\/p>\n<p>&nbsp;<\/p>\n<p><strong>El futuro de la Ley Bases<\/strong><\/p>\n<p>Asimismo, el encargado de negociar con los gobernadores y legisladores vaticin\u00f3 la sanci\u00f3n de la Ley Bases en la C\u00e1mara de Senadores y responsabiliz\u00f3 al Congreso de los movimientos del d\u00f3lar paralelo y la suba del riesgo pa\u00eds.<\/p>\n<p>\u201cCuando uno demora sancionar una ley tan importante, en una situaci\u00f3n dif\u00edcil de los mercados, todos estos efectos y discusiones se hacen sentir y reflejan en esto de los bonos, las acciones argentinas, y en funci\u00f3n de eso sube un poco el riesgo pa\u00eds, la gente pasa del peso al d\u00f3lar, pero es algo transitorio. Pero estos movimientos financieros se acomoda cuando se acomoda la macro\u201d, indic\u00f3.<\/p>\n<p>Por \u00faltimo, plante\u00f3 que el oficialismo, con siete senadores, apela a avanzar en las negociaciones con la oposici\u00f3n dialoguista para construir una mayor\u00eda que respalde el nuevo proyecto, y cuestion\u00f3 al bloque peronista de \u201cboicotear\u201d y no apoyar la ley.<\/p>\n<p>\u201cSomos un bloque de siete senadores, contamos con el bloque de aliados para que nos apoyen, sabemos que hay otro bloque que no acompa\u00f1a, el tema es si se juntan la mayor\u00eda para hacerlo. Creo que la vamos a juntar, todo de depender\u201d, concluy\u00f3 Francos.<\/p>\n","protected":false},"excerpt":{"rendered":"<p>As\u00ed se expres\u00f3 el ministro del Interior en medio de las versiones sobre una inminente salida de Nicol\u00e1s Posse. Respecto al conflicto en Misiones, fue contundente: &#8220;El Gobierno no puede meterse&#8221; &nbsp; &nbsp; El ministro del Interior, Guillermo Francos, asegur\u00f3 que las protestas impulsadas por trabajadores de la Polic\u00eda, la salud y la educaci\u00f3n en Misiones configura un &#8220;tema de la provincia\u201d que debe resolver la administraci\u00f3n local. \u201cEl gobernador sabe que cuenta con nuestro apoyo\u201d, sostuvo. \u201cConvers\u00e9 con el gobernador, por supuesto, en estos d\u00edas dos o tres veces&#8230;.<\/p>\n","protected":false},"author":3,"featured_media":113129,"comment_status":"closed","ping_status":"closed","sticky":false,"template":"","format":"standard","meta":[],"categories":[18],"tags":[],"_links":{"self":[{"href":"https:\/\/www.actualidadadiario.com\/index.php\/wp-json\/wp\/v2\/posts\/115040"}],"collection":[{"href":"https:\/\/www.actualidadadiario.com\/index.php\/wp-json\/wp\/v2\/posts"}],"about":[{"href":"https:\/\/www.actualidadadiario.com\/index.php\/wp-json\/wp\/v2\/types\/post"}],"author":[{"embeddable":true,"href":"https:\/\/www.actualidadadiario.com\/index.php\/wp-json\/wp\/v2\/users\/3"}],"replies":[{"embeddable":true,"href":"https:\/\/www.actualidadadiario.com\/index.php\/wp-json\/wp\/v2\/comments?post=115040"}],"version-history":[{"count":1,"href":"https:\/\/www.actualidadadiario.com\/index.php\/wp-json\/wp\/v2\/posts\/115040\/revisions"}],"predecessor-version":[{"id":115041,"href":"https:\/\/www.actualidadadiario.com\/index.php\/wp-json\/wp\/v2\/posts\/115040\/revisions\/115041"}],"wp:featuredmedia":[{"embeddable":true,"href":"https:\/\/www.actualidadadiario.com\/index.php\/wp-json\/wp\/v2\/media\/113129"}],"wp:attachment":[{"href":"https:\/\/www.actualidadadiario.com\/index.php\/wp-json\/wp\/v2\/media?parent=115040"}],"wp:term":[{"taxonomy":"category","embeddable":true,"href":"https:\/\/www.actualidadadiario.com\/index.php\/wp-json\/wp\/v2\/categories?post=115040"},{"taxonomy":"post_tag","embeddable":true,"href":"https:\/\/www.actualidadadiario.com\/index.php\/wp-json\/wp\/v2\/tags?post=115040"}],"curies":[{"name":"wp","href":"https:\/\/api.w.org\/{rel}","templated":true}]}}