{"id":115037,"date":"2024-05-24T11:05:11","date_gmt":"2024-05-24T14:05:11","guid":{"rendered":"https:\/\/www.actualidadadiario.com\/?p=115037"},"modified":"2024-05-24T11:05:11","modified_gmt":"2024-05-24T14:05:11","slug":"los-proyectos-sobre-el-presupuesto-universitario-consiguieron-dictamen-en-diputados","status":"publish","type":"post","link":"https:\/\/www.actualidadadiario.com\/index.php\/2024\/05\/24\/los-proyectos-sobre-el-presupuesto-universitario-consiguieron-dictamen-en-diputados\/","title":{"rendered":"Los proyectos sobre el presupuesto universitario consiguieron dictamen en Diputados"},"content":{"rendered":"<p style=\"text-align: center;\"><em><strong>Se tratar\u00e1n en el recinto el martes 4 de junio, fecha a la que tanto Uni\u00f3n por la Patria como Hacemos Coalici\u00f3n Federal convocaron a sesionar, en conjunto con el tratamiento de los dict\u00e1menes sobre la movilidad previsional. Si el Gobierno alcanza un acuerdo con los rectores antes de esa fecha, la UCR ya adelant\u00f3 que no dar\u00e1 qu\u00f3rum<\/strong><\/em><\/p>\n<p>&nbsp;<\/p>\n<p>&nbsp;<\/p>\n<p>Por iniciativa de distintas bancadas, la oposici\u00f3n logr\u00f3 avanzar con varios dict\u00e1menes favorables que declaran la emergencia presupuestaria de la educaci\u00f3n superior y establecen par\u00e1metros para la actualizaci\u00f3n autom\u00e1tica de las partidas para universidades p\u00fablicas nacionales de todo el pa\u00eds.<\/p>\n<p>Se tratar\u00e1n en el recinto el martes 4 de junio, fecha a la que tanto Uni\u00f3n por la Patria como Hacemos Coalici\u00f3n Federal convocaron a sesionar, en conjunto con el tratamiento de los dict\u00e1menes sobre la movilidad previsional.<\/p>\n<p>El bloque de la UCR -que preside Rodrigo de Loredo- es uno de los grandes impulsores de este debate (fueron quienes pidieron la sesi\u00f3n especial del martes pasado), pero seg\u00fan pudo saber Noticias Argentinas habr\u00eda un compromiso de no dar qu\u00f3rum en caso de que el Poder Ejecutivo alcance de ac\u00e1 al lunes un acuerdo con los rectores de las universidades.<\/p>\n<p>&#8220;Para nosotros si el lunes firman el acuerdo el Gobierno y las universidades, pierde sentido sancionar la ley. La idea es que el presupuesto prorrogado de 2023 a 2024 no quede congelado, sino que se actualice por la inflaci\u00f3n acumulada. Si a eso se le da soluci\u00f3n el lunes con un monto que conforme a las universidades, tema resuelto por este a\u00f1o&#8221;, indicaron las fuentes consultadas de la bancada radical.<\/p>\n<p>Si se lograra ese acuerdo, ser\u00eda un parche para este a\u00f1o y obligar\u00eda a empezar de cero la discusi\u00f3n cuando se trate a partir de septiembre el Presupuesto 2025, de manera que no resolver\u00eda la cuesti\u00f3n de fondo, que es la actualizaci\u00f3n autom\u00e1tica de las partidas para este \u00e1rea.<\/p>\n<p>El martes pasado, en la sesi\u00f3n especial que hab\u00eda convocado el bloque de la UCR, se construy\u00f3 una mayor\u00eda a partir de una inusual alianza de los bloques de la oposici\u00f3n dialoguista con Uni\u00f3n por la Patria para emplazar a las comisiones de Educaci\u00f3n y Presupuesto a reunirse este jueves y obligarlas a dictaminar sobre un tema que incomoda al oficialismo, dado que repercute en la caja fiscal.<\/p>\n<p>El dictamen de minor\u00eda firmado con 21 firmas de la UCR, Hacemos Coalici\u00f3n Federal, Coalici\u00f3n C\u00edvica e Innovaci\u00f3n Federal, que tiene como autora principal a la radical Danya Tavela , propone actualizar el presupuesto universitario tomando como criterio la inflaci\u00f3n del a\u00f1o pasado medida por INDEC, y a partir de esa base empezar a indexarlo de forma bimestral usando un coeficiente que combine un 50% de variaci\u00f3n del IPC, 25% la variaci\u00f3n del d\u00f3lar y otro 25% la variaci\u00f3n de las tarifas de servicios p\u00fablicos.<\/p>\n<p>Adem\u00e1s, establece una modificaci\u00f3n del art\u00edculo 58 de la Ley de Educaci\u00f3n Superior y dicta la obligatoriedad de la Auditor\u00eda General de la Naci\u00f3n (AGN) de realizar auditor\u00edas en el Congreso nacional sobre las erogaciones de las universidades nacionales.<\/p>\n<p>El dictamen de mayor\u00eda de Uni\u00f3n por la Patria, que cosech\u00f3 34 firmas, tambi\u00e9n propone actualizar bimestralmente las partidas presupuestarias, pero incorpora otros \u00edtems que generan mayor costo fiscal como la ampliaci\u00f3n de los beneficiarios de las becas Progresar.<\/p>\n<p>Adem\u00e1s, el proyecto de UP incorpora un art\u00edculo que expl\u00edcitamente obliga a recomponer los salarios de docentes y no docentes universitarios.<\/p>\n","protected":false},"excerpt":{"rendered":"<p>Se tratar\u00e1n en el recinto el martes 4 de junio, fecha a la que tanto Uni\u00f3n por la Patria como Hacemos Coalici\u00f3n Federal convocaron a sesionar, en conjunto con el tratamiento de los dict\u00e1menes sobre la movilidad previsional. Si el Gobierno alcanza un acuerdo con los rectores antes de esa fecha, la UCR ya adelant\u00f3 que no dar\u00e1 qu\u00f3rum &nbsp; &nbsp; Por iniciativa de distintas bancadas, la oposici\u00f3n logr\u00f3 avanzar con varios dict\u00e1menes favorables que declaran la emergencia presupuestaria de la educaci\u00f3n superior y establecen par\u00e1metros para la actualizaci\u00f3n autom\u00e1tica&#8230;<\/p>\n","protected":false},"author":3,"featured_media":115038,"comment_status":"closed","ping_status":"closed","sticky":false,"template":"","format":"standard","meta":[],"categories":[18],"tags":[],"_links":{"self":[{"href":"https:\/\/www.actualidadadiario.com\/index.php\/wp-json\/wp\/v2\/posts\/115037"}],"collection":[{"href":"https:\/\/www.actualidadadiario.com\/index.php\/wp-json\/wp\/v2\/posts"}],"about":[{"href":"https:\/\/www.actualidadadiario.com\/index.php\/wp-json\/wp\/v2\/types\/post"}],"author":[{"embeddable":true,"href":"https:\/\/www.actualidadadiario.com\/index.php\/wp-json\/wp\/v2\/users\/3"}],"replies":[{"embeddable":true,"href":"https:\/\/www.actualidadadiario.com\/index.php\/wp-json\/wp\/v2\/comments?post=115037"}],"version-history":[{"count":1,"href":"https:\/\/www.actualidadadiario.com\/index.php\/wp-json\/wp\/v2\/posts\/115037\/revisions"}],"predecessor-version":[{"id":115039,"href":"https:\/\/www.actualidadadiario.com\/index.php\/wp-json\/wp\/v2\/posts\/115037\/revisions\/115039"}],"wp:featuredmedia":[{"embeddable":true,"href":"https:\/\/www.actualidadadiario.com\/index.php\/wp-json\/wp\/v2\/media\/115038"}],"wp:attachment":[{"href":"https:\/\/www.actualidadadiario.com\/index.php\/wp-json\/wp\/v2\/media?parent=115037"}],"wp:term":[{"taxonomy":"category","embeddable":true,"href":"https:\/\/www.actualidadadiario.com\/index.php\/wp-json\/wp\/v2\/categories?post=115037"},{"taxonomy":"post_tag","embeddable":true,"href":"https:\/\/www.actualidadadiario.com\/index.php\/wp-json\/wp\/v2\/tags?post=115037"}],"curies":[{"name":"wp","href":"https:\/\/api.w.org\/{rel}","templated":true}]}}