{"id":115031,"date":"2024-05-24T11:02:32","date_gmt":"2024-05-24T14:02:32","guid":{"rendered":"https:\/\/www.actualidadadiario.com\/?p=115031"},"modified":"2024-05-24T11:02:32","modified_gmt":"2024-05-24T14:02:32","slug":"espana-revelo-que-el-viaje-de-milei-fue-una-visita-privada","status":"publish","type":"post","link":"https:\/\/www.actualidadadiario.com\/index.php\/2024\/05\/24\/espana-revelo-que-el-viaje-de-milei-fue-una-visita-privada\/","title":{"rendered":"Espa\u00f1a revel\u00f3 que el viaje de Milei fue &#8220;una visita privada&#8221;"},"content":{"rendered":"<p style=\"text-align: center;\"><em><strong>Seg\u00fan una misiva oficial que hizo p\u00fablica el gobierno espa\u00f1ol, el viaje del mandatario a Madrid fue &#8220;una visita privada&#8221; para presentar uno de sus libros y participar de un evento de VOX. Ayer, Adorni hab\u00eda asegurado que hab\u00eda sido &#8220;un viaje de Estado&#8221; con la excusa de que el Presidente se hab\u00eda reunido con empresarios<\/strong><\/em><\/p>\n<p>&nbsp;<\/p>\n<p>&nbsp;<\/p>\n<p>A pesar de haber insistido una y otra vez en que el viaje de Javier Milei a Espa\u00f1a corri\u00f3 por cuenta del Estado por tratarse de un viaje oficial en su car\u00e1cter de Presidente, el gobierno nacional le hab\u00eda anticipado a la Canciller\u00eda espa\u00f1ola que la estad\u00eda del mandatario entre el 17 y 19 de mayo \u00faltimo ser\u00eda \u201cuna visita privada\u201d.<\/p>\n<p>As\u00ed lo revel\u00f3 una carta oficial que la Embajada de Madrid le hab\u00eda enviado al Ministerio de Asuntos Exteriores de Espa\u00f1a, el 30 de abril: \u201cEl Se\u00f1or Presidente de la Rep\u00fablica Argentina, D. Javier Gerardo Milei, estar\u00e1 en Espa\u00f1a entre los d\u00edas 17 y 19 de mayo, en visita privada\u201d, dice el texto publicado en el diario El Pa\u00eds.<\/p>\n<p>La afirmaci\u00f3n de la carta contradice la defensa que el gobierno nacional hizo sobre s\u00ed mismo respecto de los altos gastos de Estado que demand\u00f3 el viaje de Milei a Madrid para promover candidaturas del partido ultraderechista VOX, descalificar p\u00fablicamente al presidente Pedro S\u00e1nchez y a su esposa, presentar su libro denunciado por datos falsos y reunirse con empresarios de segunda l\u00ednea sin obtener inversiones para la Argentina.<\/p>\n<p>Este \u00faltimo hecho fue, precisamente, el argumento por el cual la Casa Rosada hab\u00eda defendido la utilizaci\u00f3n del erario p\u00fablico para un viaje que, ahora se supo, desde un principio hab\u00eda sido concebido como \u201cprivado\u201d.<\/p>\n<p>En la misiva enviada por v\u00eda diplom\u00e1tica a la Canciller\u00eda espa\u00f1ola, el gobierno de La Libertad Avanza (LLA) informaba que el Presidente viajar\u00eda \u201cacompa\u00f1ado de la Secretario General de Presidencia\u201d, su hermana Karina Milei en el avi\u00f3n oficial y que d\u00edas despu\u00e9s dar\u00eda m\u00e1s detalles tanto de la delegaci\u00f3n como de los horarios y las actividades.<\/p>\n<p>Luego se supo que el viaje no incluir\u00eda ninguna reuni\u00f3n con integrantes del gobierno ni de la corona espa\u00f1ola, y se confirm\u00f3 que los \u00fanicos encuentros que mantendr\u00eda el mandatario ser\u00eda con su amigo y l\u00edder de VOX, Santiago Abascal.<\/p>\n<p>As\u00ed y todo, la Casa Rosada emprendi\u00f3 una f\u00e9rrea defensa de lo indefendible. El vocero Manuel Adorni sali\u00f3 a decir que el viaje inclu\u00eda \u201cun encuentro con los principales empresarios espa\u00f1oles\u201d, y que eso se trataba de una actividad oficial.<\/p>\n<p>En la conferencia de prensa de esta ma\u00f1ana, Adorni insisti\u00f3 con lo mismo: al viaje a Espa\u00f1a lo hizo en calidad de Jefe de Estado. \u201cCuando el Presidente desde el 10 de diciembre ha hecho viajes a t\u00edtulo personal, nos lo hemos pagado con nuestro propio dinero y \u00e9l afront\u00f3 los gastos que le correspond\u00edan. Cuando el viaje lo hace en calidad de Presidente de la Naci\u00f3n argentina y el viaje tiene ese destino, lo paga el Estado nacional. As\u00ed fue con estos \u00faltimos viajes, no solo el de Espa\u00f1a\u201d, enfatiz\u00f3.<\/p>\n<p>El vocero sostuvo que \u201ccuando tenga (la precisi\u00f3n de) los gastos, los voy a dar a conocer\u201d y luego cuestion\u00f3 a la periodista que le hizo la consulta.<\/p>\n<p>\u201cEntiendo que no es de mucho inter\u00e9s para un periodista espa\u00f1ol. En todo caso es un tema de las arcas p\u00fablicas (argentinas)\u201d, dijo con sarcasmo pero la carta publicada por el diario espa\u00f1ol demuestra que, al menos en un principio, la idea no era que los millonarios gastos del viaje partidario de Milei fuera financiado con el dinero de los impuestos.<\/p>\n","protected":false},"excerpt":{"rendered":"<p>Seg\u00fan una misiva oficial que hizo p\u00fablica el gobierno espa\u00f1ol, el viaje del mandatario a Madrid fue &#8220;una visita privada&#8221; para presentar uno de sus libros y participar de un evento de VOX. Ayer, Adorni hab\u00eda asegurado que hab\u00eda sido &#8220;un viaje de Estado&#8221; con la excusa de que el Presidente se hab\u00eda reunido con empresarios &nbsp; &nbsp; A pesar de haber insistido una y otra vez en que el viaje de Javier Milei a Espa\u00f1a corri\u00f3 por cuenta del Estado por tratarse de un viaje oficial en su car\u00e1cter&#8230;<\/p>\n","protected":false},"author":3,"featured_media":115032,"comment_status":"closed","ping_status":"closed","sticky":false,"template":"","format":"standard","meta":[],"categories":[9],"tags":[],"_links":{"self":[{"href":"https:\/\/www.actualidadadiario.com\/index.php\/wp-json\/wp\/v2\/posts\/115031"}],"collection":[{"href":"https:\/\/www.actualidadadiario.com\/index.php\/wp-json\/wp\/v2\/posts"}],"about":[{"href":"https:\/\/www.actualidadadiario.com\/index.php\/wp-json\/wp\/v2\/types\/post"}],"author":[{"embeddable":true,"href":"https:\/\/www.actualidadadiario.com\/index.php\/wp-json\/wp\/v2\/users\/3"}],"replies":[{"embeddable":true,"href":"https:\/\/www.actualidadadiario.com\/index.php\/wp-json\/wp\/v2\/comments?post=115031"}],"version-history":[{"count":1,"href":"https:\/\/www.actualidadadiario.com\/index.php\/wp-json\/wp\/v2\/posts\/115031\/revisions"}],"predecessor-version":[{"id":115033,"href":"https:\/\/www.actualidadadiario.com\/index.php\/wp-json\/wp\/v2\/posts\/115031\/revisions\/115033"}],"wp:featuredmedia":[{"embeddable":true,"href":"https:\/\/www.actualidadadiario.com\/index.php\/wp-json\/wp\/v2\/media\/115032"}],"wp:attachment":[{"href":"https:\/\/www.actualidadadiario.com\/index.php\/wp-json\/wp\/v2\/media?parent=115031"}],"wp:term":[{"taxonomy":"category","embeddable":true,"href":"https:\/\/www.actualidadadiario.com\/index.php\/wp-json\/wp\/v2\/categories?post=115031"},{"taxonomy":"post_tag","embeddable":true,"href":"https:\/\/www.actualidadadiario.com\/index.php\/wp-json\/wp\/v2\/tags?post=115031"}],"curies":[{"name":"wp","href":"https:\/\/api.w.org\/{rel}","templated":true}]}}