{"id":115029,"date":"2024-05-24T11:00:57","date_gmt":"2024-05-24T14:00:57","guid":{"rendered":"https:\/\/www.actualidadadiario.com\/?p=115029"},"modified":"2024-05-24T11:00:57","modified_gmt":"2024-05-24T14:00:57","slug":"alerta-en-el-sector-textil-las-ventas-cayeron-un-60-y-preocupa-el-aumento-de-despidos","status":"publish","type":"post","link":"https:\/\/www.actualidadadiario.com\/index.php\/2024\/05\/24\/alerta-en-el-sector-textil-las-ventas-cayeron-un-60-y-preocupa-el-aumento-de-despidos\/","title":{"rendered":"Alerta en el sector textil: las ventas cayeron un 60% y preocupa el aumento de despidos"},"content":{"rendered":"<p style=\"text-align: center;\"><em><strong>Empresarios textiles advirtieron que la baja en la actividad se retrotrae a niveles de diciembre 2020. Se\u00f1alan merma dr\u00e1stica del consumo y la reducci\u00f3n de la n\u00f3mina de trabajadores en diversas provincias<\/strong><\/em><\/p>\n<p>&nbsp;<\/p>\n<p>&nbsp;<\/p>\n<p>El sector textil, como otros, se encuentra en estado de alerta por la ca\u00edda de la actividad. Mientras que el salario registrado cay\u00f3 en promedio 14,9% entre noviembre y abril, empresarios del rubro advierten por la baja del 60% en las ventas y una preocupaci\u00f3n expresa por los despidos consecuentes.<\/p>\n<p>Entre el martes y jueves de esta semana se realiz\u00f3 en La Rural un evento que congreg\u00f3 a toda la industria textil: Emitex (Exposici\u00f3n Internacional de Proveedores para la Industria de la Confecci\u00f3n), Confemaq (Exposici\u00f3n Internacional de Maquinaria para la Confecci\u00f3n) y Simatex (Exposici\u00f3n Internacional de Maquinaria Textil).<\/p>\n<p>Quienes acudieron al encuentro en Palermo, advirtieron que las alarmas sonaron en todos los stands. A trav\u00e9s de los amplios pasillos de La Rural, los empresarios recorr\u00edan los pabellones en grupo, para escuchar a diversos referentes y mantener una perspectiva global de mercado.<\/p>\n<p>Las conclusiones sobre el panorama actual no fueron buenas. Camilo Alan, empresario textil, lo resume as\u00ed: \u201cNadie est\u00e1 vendiendo. los empresarios est\u00e1n muy preocupados. Los gastos fijos subieron entre un 70% y 80%, y las ventas cayeron 60%\u201d. Esos n\u00fameros redundan en el peor final: \u201cEstamos achicando empleados porque no sabemos c\u00f3mo pagarles\u201d, cont\u00f3 a este medio.<\/p>\n<p>La crisis en el sector se extiende en todo el pa\u00eds. As\u00ed lo describe Jorge Gonz\u00e1lez, secretario de la Asociaci\u00f3n Obrera Textil (AOT) de Catamarca: \u201cLo que se vive es tremendo. La ca\u00edda es muy dura\u201d, resume.<\/p>\n<p>Gonz\u00e1lez coincide con el n\u00famero ofrecido por el empresario textil en cuanto a un 60% de la ca\u00edda de las ventas y la problem\u00e1tica por los costos de los servicios de luz y gas. Los comercios e industrias ya no mantienen tarifas subsidiadas, pagan el costo mayorista real de los insumos, lo que las lleva a pagar tarifas entre tres y siete veces m\u00e1s caras respecto a diciembre del a\u00f1o pasado.<\/p>\n<p>&nbsp;<\/p>\n<p><strong>Preocupaci\u00f3n por los despidos<\/strong><\/p>\n<p>En esa l\u00ednea, tambi\u00e9n coincide con la retracci\u00f3n dentro del mercado laboral. \u201cEntre Tucum\u00e1n, Corrientes, La Rioja y Catamarca hay alrededor de seis mil obreros suspendidos y m\u00e1s de tres mil trabajadores despedidos\u201d, advierte Gonz\u00e1lez.<\/p>\n<p>De esta forma, las f\u00e1bricas mantienen \u201cstock hasta el techo\u201d, porque \u201cla venta es cero\u201d. Es por eso que el secretario de AOT reflexiona: \u201cCuando el Presidente (Milei) diga que la inflaci\u00f3n est\u00e1 bajando, que aclare que es porque la gente no consume absolutamente nada\u201d.<\/p>\n<p>A nivel nacional, el gremio liderado por Hugo Ben\u00edtez, denunci\u00f3 la paralizaci\u00f3n de la negociaci\u00f3n paritaria con la c\u00e1mara empresaria Federaci\u00f3n de Industrias Textiles Argentinas (FITA) \u201cproducto de la mezquindad contumaz de sus representantes\u201d.<\/p>\n<p>Ra\u00fal Hutin, dirigente pyme y fundador de la empresa textil SCALTER, le pone n\u00famero al apagado de maquinaria: \u201cLa recesi\u00f3n afecta profunda y religiosamente. Estamos trabajando al 37% de la capacidad instalada\u201d, lamenta y asegura que \u201clo peor a\u00fan no lleg\u00f3, como dice el Presidente\u201d.<\/p>\n<p>El sector adem\u00e1s se ve afectado por la apertura de importaciones. Este punto se manifest\u00f3 especialmente en el encuentro que el subsecretario de Comercio de la Provincia de Buenos Aires, Ariel Aguilar, mantuvo este jueves con Alberto Gelen\u00e9, intendente del Partido de Las Flores.<\/p>\n<p>\u201cJunto al Intendente @albertogelene nos reunimos con representantes del sector textil y calzado de Las Flores. El consumo cay\u00f3 un 25% y aumentaron un 27% las importaciones. Como consecuencia la producci\u00f3n se redujo casi un 50%. Es industricidio planificado\u201d, public\u00f3 Aguilar en la red social X.<\/p>\n<p>Para Hutin, el sector encuentra en una \u201cetapa depresiva\u201d, aunque insiste con que las pymes \u201cbuscan resistir hasta el final\u201d, antes de hacer un ajuste sobre la cantidad de personal. Sin embargo, admite que los despidos ya se est\u00e1n produciendo y opina que el final del programa econ\u00f3mico \u201cpuede ser un desastre social e industrial\u201d.<\/p>\n","protected":false},"excerpt":{"rendered":"<p>Empresarios textiles advirtieron que la baja en la actividad se retrotrae a niveles de diciembre 2020. Se\u00f1alan merma dr\u00e1stica del consumo y la reducci\u00f3n de la n\u00f3mina de trabajadores en diversas provincias &nbsp; &nbsp; El sector textil, como otros, se encuentra en estado de alerta por la ca\u00edda de la actividad. Mientras que el salario registrado cay\u00f3 en promedio 14,9% entre noviembre y abril, empresarios del rubro advierten por la baja del 60% en las ventas y una preocupaci\u00f3n expresa por los despidos consecuentes. Entre el martes y jueves de&#8230;<\/p>\n","protected":false},"author":3,"featured_media":43119,"comment_status":"closed","ping_status":"closed","sticky":false,"template":"","format":"standard","meta":[],"categories":[2],"tags":[],"_links":{"self":[{"href":"https:\/\/www.actualidadadiario.com\/index.php\/wp-json\/wp\/v2\/posts\/115029"}],"collection":[{"href":"https:\/\/www.actualidadadiario.com\/index.php\/wp-json\/wp\/v2\/posts"}],"about":[{"href":"https:\/\/www.actualidadadiario.com\/index.php\/wp-json\/wp\/v2\/types\/post"}],"author":[{"embeddable":true,"href":"https:\/\/www.actualidadadiario.com\/index.php\/wp-json\/wp\/v2\/users\/3"}],"replies":[{"embeddable":true,"href":"https:\/\/www.actualidadadiario.com\/index.php\/wp-json\/wp\/v2\/comments?post=115029"}],"version-history":[{"count":1,"href":"https:\/\/www.actualidadadiario.com\/index.php\/wp-json\/wp\/v2\/posts\/115029\/revisions"}],"predecessor-version":[{"id":115030,"href":"https:\/\/www.actualidadadiario.com\/index.php\/wp-json\/wp\/v2\/posts\/115029\/revisions\/115030"}],"wp:featuredmedia":[{"embeddable":true,"href":"https:\/\/www.actualidadadiario.com\/index.php\/wp-json\/wp\/v2\/media\/43119"}],"wp:attachment":[{"href":"https:\/\/www.actualidadadiario.com\/index.php\/wp-json\/wp\/v2\/media?parent=115029"}],"wp:term":[{"taxonomy":"category","embeddable":true,"href":"https:\/\/www.actualidadadiario.com\/index.php\/wp-json\/wp\/v2\/categories?post=115029"},{"taxonomy":"post_tag","embeddable":true,"href":"https:\/\/www.actualidadadiario.com\/index.php\/wp-json\/wp\/v2\/tags?post=115029"}],"curies":[{"name":"wp","href":"https:\/\/api.w.org\/{rel}","templated":true}]}}