{"id":115027,"date":"2024-05-24T11:00:13","date_gmt":"2024-05-24T14:00:13","guid":{"rendered":"https:\/\/www.actualidadadiario.com\/?p=115027"},"modified":"2024-05-24T11:00:13","modified_gmt":"2024-05-24T14:00:13","slug":"la-siembra-de-maiz-fue-record-pero-una-plaga-limito-la-cosecha","status":"publish","type":"post","link":"https:\/\/www.actualidadadiario.com\/index.php\/2024\/05\/24\/la-siembra-de-maiz-fue-record-pero-una-plaga-limito-la-cosecha\/","title":{"rendered":"La siembra de ma\u00edz fue r\u00e9cord, pero una plaga limit\u00f3 la cosecha"},"content":{"rendered":"<p style=\"text-align: center;\"><em><strong>Se sembraron casi 2 millones de hect\u00e1reas en la regi\u00f3n n\u00facleo, seg\u00fan la Bolsa de Comercio de Rosario<\/strong><\/em><\/p>\n<p>&nbsp;<\/p>\n<p>&nbsp;<\/p>\n<p>La siembra maicera en la regi\u00f3n n\u00facleo, la m\u00e1s productiva del pa\u00eds, fue mucho m\u00e1s importante de lo que se pensaba, con un \u00e1rea que estuvo cerca de alcanzar las dos millones de hect\u00e1reas.<\/p>\n<p>Eso implica que se sembraron 564.000 hect\u00e1reas m\u00e1s que lo esperado, por lo que hubo siembra r\u00e9cord maicera en esa regi\u00f3n: se podr\u00eda haber alcanzado una producci\u00f3n de 17 millones de toneladas, pero una plaga, la chicharrita, se interpuso, y recort\u00f3 ese volumen a 14,5 millones de toneladas.<\/p>\n<p>&#8220;En las encuestas previas a la siembra, no se notaba semejante nivel de aumento de \u00e1rea, pero s\u00ed un fuerte entusiasmo por el ma\u00edz&#8221;, destac\u00f3 la Bolsa de Comercio de Rosario.<\/p>\n<p>En un informe, la entidad empresaria explic\u00f3 que a pesar de los costos maiceros y la descapitalizaci\u00f3n tras la sequ\u00eda, ganaba la apuesta maicera: &#8220;bajo condiciones de alta productividad, el ma\u00edz es m\u00e1s accesible para alcanzar altos potenciales&#8221;, seg\u00fan los productores.<\/p>\n<p>De esta manera, la regi\u00f3n n\u00facleo sembr\u00f3 su mayor cantidad de hect\u00e1reas de ma\u00edz: descontando la superficie destinada a consumo animal y\/o p\u00e9rdidas (chicharrita), el \u00e1rea de ma\u00edz comercial (cosecha de grano) asciende a 1,6 millones.<\/p>\n<p>La \u00faltima siembra r\u00e9cord hab\u00eda sido la del ciclo 2021\/22 con 1,94 mill\u00f3n de hect\u00e1reas sembradas.<\/p>\n<p>La Bolsa rosarina detall\u00f3 que el noroeste bonaerense se destac\u00f3 por el mayor incremento de superficie maicera interanual, con un aumento de \u00e1rea de 84%.<\/p>\n<p>Adem\u00e1s, indic\u00f3 que la reciente campa\u00f1a era clave para el ma\u00edz, ya que debido a las condiciones de falta de agua durante el oto\u00f1o, la superficie triguera hab\u00eda ca\u00eddo considerablemente y el ma\u00edz era la alternativa para compensar la presencia de gram\u00edneas en la rotaci\u00f3n.<\/p>\n<p>Tambi\u00e9n -se\u00f1al\u00f3- hab\u00eda una gran necesidad de alimentaci\u00f3n animal, lo que explica que el \u00e1rea para cosecha de grano comercial sufra all\u00ed un descuento de 234.000 hect\u00e1reas.<\/p>\n","protected":false},"excerpt":{"rendered":"<p>Se sembraron casi 2 millones de hect\u00e1reas en la regi\u00f3n n\u00facleo, seg\u00fan la Bolsa de Comercio de Rosario &nbsp; &nbsp; La siembra maicera en la regi\u00f3n n\u00facleo, la m\u00e1s productiva del pa\u00eds, fue mucho m\u00e1s importante de lo que se pensaba, con un \u00e1rea que estuvo cerca de alcanzar las dos millones de hect\u00e1reas. Eso implica que se sembraron 564.000 hect\u00e1reas m\u00e1s que lo esperado, por lo que hubo siembra r\u00e9cord maicera en esa regi\u00f3n: se podr\u00eda haber alcanzado una producci\u00f3n de 17 millones de toneladas, pero una plaga, la&#8230;<\/p>\n","protected":false},"author":3,"featured_media":77048,"comment_status":"closed","ping_status":"closed","sticky":false,"template":"","format":"standard","meta":[],"categories":[2],"tags":[],"_links":{"self":[{"href":"https:\/\/www.actualidadadiario.com\/index.php\/wp-json\/wp\/v2\/posts\/115027"}],"collection":[{"href":"https:\/\/www.actualidadadiario.com\/index.php\/wp-json\/wp\/v2\/posts"}],"about":[{"href":"https:\/\/www.actualidadadiario.com\/index.php\/wp-json\/wp\/v2\/types\/post"}],"author":[{"embeddable":true,"href":"https:\/\/www.actualidadadiario.com\/index.php\/wp-json\/wp\/v2\/users\/3"}],"replies":[{"embeddable":true,"href":"https:\/\/www.actualidadadiario.com\/index.php\/wp-json\/wp\/v2\/comments?post=115027"}],"version-history":[{"count":1,"href":"https:\/\/www.actualidadadiario.com\/index.php\/wp-json\/wp\/v2\/posts\/115027\/revisions"}],"predecessor-version":[{"id":115028,"href":"https:\/\/www.actualidadadiario.com\/index.php\/wp-json\/wp\/v2\/posts\/115027\/revisions\/115028"}],"wp:featuredmedia":[{"embeddable":true,"href":"https:\/\/www.actualidadadiario.com\/index.php\/wp-json\/wp\/v2\/media\/77048"}],"wp:attachment":[{"href":"https:\/\/www.actualidadadiario.com\/index.php\/wp-json\/wp\/v2\/media?parent=115027"}],"wp:term":[{"taxonomy":"category","embeddable":true,"href":"https:\/\/www.actualidadadiario.com\/index.php\/wp-json\/wp\/v2\/categories?post=115027"},{"taxonomy":"post_tag","embeddable":true,"href":"https:\/\/www.actualidadadiario.com\/index.php\/wp-json\/wp\/v2\/tags?post=115027"}],"curies":[{"name":"wp","href":"https:\/\/api.w.org\/{rel}","templated":true}]}}