{"id":115025,"date":"2024-05-24T10:59:32","date_gmt":"2024-05-24T13:59:32","guid":{"rendered":"https:\/\/www.actualidadadiario.com\/?p=115025"},"modified":"2024-05-24T10:59:32","modified_gmt":"2024-05-24T13:59:32","slug":"cuando-se-normalizara-el-servicio-de-gnc-ya-hay-mas-de-200-estaciones-afectadas","status":"publish","type":"post","link":"https:\/\/www.actualidadadiario.com\/index.php\/2024\/05\/24\/cuando-se-normalizara-el-servicio-de-gnc-ya-hay-mas-de-200-estaciones-afectadas\/","title":{"rendered":"Cu\u00e1ndo se normalizar\u00e1 el servicio de GNC: ya hay m\u00e1s de 200 estaciones afectadas"},"content":{"rendered":"<p style=\"text-align: center;\"><em><strong>El adelanto de las bajas temperaturas hizo crecer el consumo de gas natural y se limita el expendio para garantizar la demanda residencial y esencial. C\u00f3mo viene el panorama y qu\u00e9 dice el Gobierno<\/strong><\/em><\/p>\n<p>&nbsp;<\/p>\n<p>&nbsp;<\/p>\n<p>Frente a las bajas temperaturas creci\u00f3 el consumo de gas natural y la escasez de Gas Natural Comprimido ya afecta a m\u00e1s de 200 estaciones de servicio. En los \u00faltimos d\u00edas debieron suspendieron la venta del combustible ya que la prioridad apunta a garantizar el abastecimiento residencial y esencial.<\/p>\n<p>Desde el sector explicaron que &#8220;estamos a la espera de una respuesta. Al principio eran unas 100 las estaciones de servicio afectadas y hoy estamos en una cifra cercana a las 200. Dependemos de la entrada de los barcos para que se resuelva la situaci\u00f3n\u201d, afirmaron en di\u00e1logo con TN.<\/p>\n<p>&nbsp;<\/p>\n<p><strong>Zonas m\u00e1s afectadas<\/strong><\/p>\n<p>El punto m\u00e1s cr\u00edtico se encuentra en la provincia de Buenos Aires y la Ciudad Aut\u00f3noma de Buenos Aires, donde se albergan la mayor cantidad de estaciones que proveen a veh\u00edculos con equipos de gas.<\/p>\n<p>Sin embargo, tambi\u00e9n hubo complicaciones en Tucum\u00e1n, Santiago del Estero, La Pampa, R\u00edo Negro, Catamarca y La Rioja.<\/p>\n<p>&nbsp;<\/p>\n<p><strong>Qu\u00e9 es la fase de \u201cpre emergencia\u201d<\/strong><\/p>\n<p>Con el fin de mitigar este conflicto y regular el abastecimiento del GNC, en el sector activaron lo que se denomina fase de pre emergencia: un monitoreo permanente y el corte de suministro para aquellos usuarios con contratos interrumpibles, como son los que tienen algunas industrias y estaciones de GNC.<\/p>\n<p>A esta altura de mayo, el consumo de gas duplica al registrado que para la misma fecha de 2023, cuando las temperaturas fueron m\u00e1s benignas.<\/p>\n<p>En este contexto, transportadoras y distribuidoras de gas de todo pa\u00eds activaron los cortes a los interrumpibles y mantienen la atenci\u00f3n focalizada en el comportamiento de la demanda.<\/p>\n<p>El Gobierno sali\u00f3 esta semana a licitar y comprar combustibles l\u00edquidos (fueoil y gasoil) para que las generadoras el\u00e9ctricas \u201cliberen\u201d gas que estaba utilizando hasta ahora y permitir una mayor oferta en lo que se espera sean picos de demanda.<\/p>\n","protected":false},"excerpt":{"rendered":"<p>El adelanto de las bajas temperaturas hizo crecer el consumo de gas natural y se limita el expendio para garantizar la demanda residencial y esencial. C\u00f3mo viene el panorama y qu\u00e9 dice el Gobierno &nbsp; &nbsp; Frente a las bajas temperaturas creci\u00f3 el consumo de gas natural y la escasez de Gas Natural Comprimido ya afecta a m\u00e1s de 200 estaciones de servicio. En los \u00faltimos d\u00edas debieron suspendieron la venta del combustible ya que la prioridad apunta a garantizar el abastecimiento residencial y esencial. Desde el sector explicaron que&#8230;<\/p>\n","protected":false},"author":3,"featured_media":114672,"comment_status":"closed","ping_status":"closed","sticky":false,"template":"","format":"standard","meta":[],"categories":[2],"tags":[],"_links":{"self":[{"href":"https:\/\/www.actualidadadiario.com\/index.php\/wp-json\/wp\/v2\/posts\/115025"}],"collection":[{"href":"https:\/\/www.actualidadadiario.com\/index.php\/wp-json\/wp\/v2\/posts"}],"about":[{"href":"https:\/\/www.actualidadadiario.com\/index.php\/wp-json\/wp\/v2\/types\/post"}],"author":[{"embeddable":true,"href":"https:\/\/www.actualidadadiario.com\/index.php\/wp-json\/wp\/v2\/users\/3"}],"replies":[{"embeddable":true,"href":"https:\/\/www.actualidadadiario.com\/index.php\/wp-json\/wp\/v2\/comments?post=115025"}],"version-history":[{"count":1,"href":"https:\/\/www.actualidadadiario.com\/index.php\/wp-json\/wp\/v2\/posts\/115025\/revisions"}],"predecessor-version":[{"id":115026,"href":"https:\/\/www.actualidadadiario.com\/index.php\/wp-json\/wp\/v2\/posts\/115025\/revisions\/115026"}],"wp:featuredmedia":[{"embeddable":true,"href":"https:\/\/www.actualidadadiario.com\/index.php\/wp-json\/wp\/v2\/media\/114672"}],"wp:attachment":[{"href":"https:\/\/www.actualidadadiario.com\/index.php\/wp-json\/wp\/v2\/media?parent=115025"}],"wp:term":[{"taxonomy":"category","embeddable":true,"href":"https:\/\/www.actualidadadiario.com\/index.php\/wp-json\/wp\/v2\/categories?post=115025"},{"taxonomy":"post_tag","embeddable":true,"href":"https:\/\/www.actualidadadiario.com\/index.php\/wp-json\/wp\/v2\/tags?post=115025"}],"curies":[{"name":"wp","href":"https:\/\/api.w.org\/{rel}","templated":true}]}}