{"id":115018,"date":"2024-05-24T10:13:44","date_gmt":"2024-05-24T13:13:44","guid":{"rendered":"https:\/\/www.actualidadadiario.com\/?p=115018"},"modified":"2024-05-24T10:13:44","modified_gmt":"2024-05-24T13:13:44","slug":"comienza-a-llegar-la-ola-polar-a-entre-rios","status":"publish","type":"post","link":"https:\/\/www.actualidadadiario.com\/index.php\/2024\/05\/24\/comienza-a-llegar-la-ola-polar-a-entre-rios\/","title":{"rendered":"Comienza a llegar la ola polar a Entre R\u00edos"},"content":{"rendered":"<p style=\"text-align: center;\"><em><strong>Este viernes el viento sur provocar\u00e1 un cambio de tiempo y se anticipa un fin de semana muy fr\u00edo en Entre R\u00edos, con m\u00ednimas de hasta 2\u00b0<\/strong><\/em><\/p>\n<p>&nbsp;<\/p>\n<p>&nbsp;<\/p>\n<p>El Servicio Meteorol\u00f3gico Nacional -SMN- inform\u00f3 que a partir de este viernes 24 de mayo comenzar\u00e1 a cambiar el tiempo en Entre R\u00edos. El viento sur ayudar\u00e1 durante el d\u00eda a desplazar la masa de aire h\u00fameda, lo que har\u00e1 disipar las lluvias y anunciar\u00e1 la llegada de la ola polar.<\/p>\n<p>Se trata de un fen\u00f3meno de descenso de temperaturas que afectar\u00e1 a gran parte del pa\u00eds y que se sentir\u00e1 sobre todo el fin de semana. En el caso de la provincia, este viernes se pronostican m\u00ednimas de entre 6 y 8 grados, pero a partir de este s\u00e1bado bajar\u00e1 hasta los 2 grados en la zona sur.<\/p>\n<p>En cuanto a las condiciones, se aguardan algunas posibles inestabilidades hasta la ma\u00f1ana de este viernes y, luego, desde el mediod\u00eda y la tarde, comenzar\u00e1 a disminuir la nubosidad poco a poco. El fin de semana se aguarda fundamentalmente cielo parcialmente nublado.<\/p>\n<p>&nbsp;<\/p>\n<p><strong>D\u00f3nde se espera m\u00e1s fr\u00edo<\/strong><\/p>\n<p>En Paran\u00e1, La Paz, Diamante, Villaguay y Nogoy\u00e1 se espera que el d\u00eda m\u00e1s fr\u00edo sea este s\u00e1bado 25 de mayo. Se pronostican m\u00ednimas de 4 grados y m\u00e1ximas de 13 grados.<\/p>\n<p>En Concordia, Federal, Feliciano, Federaci\u00f3n y San Salvador, en tanto, se aguarda tambi\u00e9n para este s\u00e1bado m\u00ednimas de 4 grados y m\u00e1ximas de 13 grados.<\/p>\n<p>En Gualeguaych\u00fa, Col\u00f3n, Concepci\u00f3n del Uruguay, Tala e Islas se pronostica para este s\u00e1bado una m\u00ednima de 2 grados y una m\u00e1xima de 12 grados.<\/p>\n<p>En Victoria y Gualeguay tambi\u00e9n se pronostican m\u00ednimas de 2 grados y m\u00e1ximas de 12 grados para este s\u00e1bado.<\/p>\n","protected":false},"excerpt":{"rendered":"<p>Este viernes el viento sur provocar\u00e1 un cambio de tiempo y se anticipa un fin de semana muy fr\u00edo en Entre R\u00edos, con m\u00ednimas de hasta 2\u00b0 &nbsp; &nbsp; El Servicio Meteorol\u00f3gico Nacional -SMN- inform\u00f3 que a partir de este viernes 24 de mayo comenzar\u00e1 a cambiar el tiempo en Entre R\u00edos. El viento sur ayudar\u00e1 durante el d\u00eda a desplazar la masa de aire h\u00fameda, lo que har\u00e1 disipar las lluvias y anunciar\u00e1 la llegada de la ola polar. Se trata de un fen\u00f3meno de descenso de temperaturas que&#8230;<\/p>\n","protected":false},"author":3,"featured_media":105395,"comment_status":"closed","ping_status":"closed","sticky":false,"template":"","format":"standard","meta":[],"categories":[15],"tags":[],"_links":{"self":[{"href":"https:\/\/www.actualidadadiario.com\/index.php\/wp-json\/wp\/v2\/posts\/115018"}],"collection":[{"href":"https:\/\/www.actualidadadiario.com\/index.php\/wp-json\/wp\/v2\/posts"}],"about":[{"href":"https:\/\/www.actualidadadiario.com\/index.php\/wp-json\/wp\/v2\/types\/post"}],"author":[{"embeddable":true,"href":"https:\/\/www.actualidadadiario.com\/index.php\/wp-json\/wp\/v2\/users\/3"}],"replies":[{"embeddable":true,"href":"https:\/\/www.actualidadadiario.com\/index.php\/wp-json\/wp\/v2\/comments?post=115018"}],"version-history":[{"count":1,"href":"https:\/\/www.actualidadadiario.com\/index.php\/wp-json\/wp\/v2\/posts\/115018\/revisions"}],"predecessor-version":[{"id":115019,"href":"https:\/\/www.actualidadadiario.com\/index.php\/wp-json\/wp\/v2\/posts\/115018\/revisions\/115019"}],"wp:featuredmedia":[{"embeddable":true,"href":"https:\/\/www.actualidadadiario.com\/index.php\/wp-json\/wp\/v2\/media\/105395"}],"wp:attachment":[{"href":"https:\/\/www.actualidadadiario.com\/index.php\/wp-json\/wp\/v2\/media?parent=115018"}],"wp:term":[{"taxonomy":"category","embeddable":true,"href":"https:\/\/www.actualidadadiario.com\/index.php\/wp-json\/wp\/v2\/categories?post=115018"},{"taxonomy":"post_tag","embeddable":true,"href":"https:\/\/www.actualidadadiario.com\/index.php\/wp-json\/wp\/v2\/tags?post=115018"}],"curies":[{"name":"wp","href":"https:\/\/api.w.org\/{rel}","templated":true}]}}