{"id":115009,"date":"2024-05-24T10:10:32","date_gmt":"2024-05-24T13:10:32","guid":{"rendered":"https:\/\/www.actualidadadiario.com\/?p=115009"},"modified":"2024-05-24T10:10:41","modified_gmt":"2024-05-24T13:10:41","slug":"a-partir-de-junio-regiran-nuevas-tarifas-en-el-transporte-urbano-de-parana","status":"publish","type":"post","link":"https:\/\/www.actualidadadiario.com\/index.php\/2024\/05\/24\/a-partir-de-junio-regiran-nuevas-tarifas-en-el-transporte-urbano-de-parana\/","title":{"rendered":"A partir de junio regir\u00e1n nuevas tarifas en el transporte urbano de Paran\u00e1"},"content":{"rendered":"<p style=\"text-align: center;\"><em><strong>Lo anunci\u00f3 la secretaria de Movilidad de la Municipalidad de Paran\u00e1, Katherina Stickel: \u201cDesde el Municipio nos comprometimos, a partir de los informes t\u00e9cnicos en cuanto a los an\u00e1lisis de costos, a establecer un nuevo aumento tarifario\u201d, inform\u00f3. Rondar\u00eda los mil pesos<\/strong><\/em><\/p>\n<p>&nbsp;<\/p>\n<p>&nbsp;<\/p>\n<p>Tras el cuarto intermedio del martes pasado, este jueves en la Secretar\u00eda de Trabajo se volvieron a reunir representantes de UTA con empresarios y autoridades de la Municipalidad de Paran\u00e1 y la Provincia.<\/p>\n<p>En el encuentro, los choferes llegaron a un acuerdo por montos adeudados y el pago de un bono; mientras que desde la comuna se comprometieron a una actualizaci\u00f3n de tarifas.<\/p>\n<p>La secretaria de Movilidad de la Municipalidad de Paran\u00e1, Katherina Stickel, afirm\u00f3 que \u201cdespu\u00e9s de distintas instancias y cuartos intermedios, se arrib\u00f3 un acuerdo entre la UTA, empresas, el Estado provincial y el municipio en el cual desde la comuna nos comprometimos, a partir de los informes t\u00e9cnicos que tenemos en cuanto a los an\u00e1lisis de costos, a establecer un nuevo aumento tarifario. Por su parte la empresa y el sindicato se comprometen a garantizar la continuidad del servicio para los usuarios\u201d.<\/p>\n<p>Consultada sobre cu\u00e1ndo entrar\u00edan en vigencia los nuevos valores, mencion\u00f3 que \u201cpor el momento primero hay que establecer la tarifa y formalizar la herramienta, estimamos que para junio\u201d. Y en relaci\u00f3n a cu\u00e1nto costar\u00eda el boleto y si se elevar\u00eda a 1300 pesos, que habr\u00eda sido el pedido de las empresas, dijo que \u201cser\u00e1 inferior\u201d. Extraoficialmente se desliz\u00f3 que rondar\u00eda los 920 pesos el boleto general y 1100 pesos para el \u00e1rea metropolitana.<\/p>\n<p>Stickel confi\u00f3 que esta instancia de di\u00e1logo \u201cha sido bastante desgastante y a su vez signada por la molestia que genera ver c\u00f3mo los usuarios del AMBA tienen mayores derechos que los del interior del pa\u00eds\u201d, en relaci\u00f3n a los subsidios de Naci\u00f3n. \u201cLe queremos transmitir tranquilidad a los usuarios de que el servicio est\u00e1 garantizado\u201d, dijo finalmente.<\/p>\n<p>Por su parte, el secretario gremial de UTA Entre R\u00edos, Gustavo Rup, destac\u00f3 que \u201chemos llegado a un arreglo como gremio \u2013 empresa tomando compromiso con fechas de pago, tanto provincial y municipal\u201d.<\/p>\n<p>Al ser consultado sobre un aumento del boleto de colectivos, el Asesor Legal de UTA, Alejandro Becic, afirm\u00f3 que \u201csabemos que hay un pedido de aumento de la tarifa por parte de la empresa y desde la misma, nos adelantaron que hab\u00eda un compromiso por parte de la Municipalidad, de adecuar en lo inmediato, el valor de los montos que necesitan la empresa para poder funcionar\u201d, explic\u00f3.<\/p>\n<p>Asimismo, aclar\u00f3 que \u201cno nos adelantaron el valor del boleto, pero nos confirmaron que la adecuaci\u00f3n de tarifa ser\u00eda inminente, es decir, no va a llevar un proceso que no es como el de antes, ya que la emergencia en el transporte, que fue aprobada por los concejales, se facultaba al Poder Ejecutivo Municipal para poder fijar nuevas tarifas sin tener que pasar por el Concejo Deliberante, lo cual lleva su tiempo\u201d, record\u00f3 el asesor legal.<\/p>\n","protected":false},"excerpt":{"rendered":"<p>Lo anunci\u00f3 la secretaria de Movilidad de la Municipalidad de Paran\u00e1, Katherina Stickel: \u201cDesde el Municipio nos comprometimos, a partir de los informes t\u00e9cnicos en cuanto a los an\u00e1lisis de costos, a establecer un nuevo aumento tarifario\u201d, inform\u00f3. Rondar\u00eda los mil pesos &nbsp; &nbsp; Tras el cuarto intermedio del martes pasado, este jueves en la Secretar\u00eda de Trabajo se volvieron a reunir representantes de UTA con empresarios y autoridades de la Municipalidad de Paran\u00e1 y la Provincia. En el encuentro, los choferes llegaron a un acuerdo por montos adeudados y&#8230;<\/p>\n","protected":false},"author":3,"featured_media":115010,"comment_status":"closed","ping_status":"closed","sticky":false,"template":"","format":"standard","meta":[],"categories":[15],"tags":[],"_links":{"self":[{"href":"https:\/\/www.actualidadadiario.com\/index.php\/wp-json\/wp\/v2\/posts\/115009"}],"collection":[{"href":"https:\/\/www.actualidadadiario.com\/index.php\/wp-json\/wp\/v2\/posts"}],"about":[{"href":"https:\/\/www.actualidadadiario.com\/index.php\/wp-json\/wp\/v2\/types\/post"}],"author":[{"embeddable":true,"href":"https:\/\/www.actualidadadiario.com\/index.php\/wp-json\/wp\/v2\/users\/3"}],"replies":[{"embeddable":true,"href":"https:\/\/www.actualidadadiario.com\/index.php\/wp-json\/wp\/v2\/comments?post=115009"}],"version-history":[{"count":2,"href":"https:\/\/www.actualidadadiario.com\/index.php\/wp-json\/wp\/v2\/posts\/115009\/revisions"}],"predecessor-version":[{"id":115012,"href":"https:\/\/www.actualidadadiario.com\/index.php\/wp-json\/wp\/v2\/posts\/115009\/revisions\/115012"}],"wp:featuredmedia":[{"embeddable":true,"href":"https:\/\/www.actualidadadiario.com\/index.php\/wp-json\/wp\/v2\/media\/115010"}],"wp:attachment":[{"href":"https:\/\/www.actualidadadiario.com\/index.php\/wp-json\/wp\/v2\/media?parent=115009"}],"wp:term":[{"taxonomy":"category","embeddable":true,"href":"https:\/\/www.actualidadadiario.com\/index.php\/wp-json\/wp\/v2\/categories?post=115009"},{"taxonomy":"post_tag","embeddable":true,"href":"https:\/\/www.actualidadadiario.com\/index.php\/wp-json\/wp\/v2\/tags?post=115009"}],"curies":[{"name":"wp","href":"https:\/\/api.w.org\/{rel}","templated":true}]}}