{"id":115004,"date":"2024-05-24T10:08:38","date_gmt":"2024-05-24T13:08:38","guid":{"rendered":"https:\/\/www.actualidadadiario.com\/?p=115004"},"modified":"2024-05-24T10:08:38","modified_gmt":"2024-05-24T13:08:38","slug":"ley-bases-kueider-se-opone-a-la-disolucion-de-organismos-vinculados-a-la-ciencia-tecnologia-cultura-y-educacion","status":"publish","type":"post","link":"https:\/\/www.actualidadadiario.com\/index.php\/2024\/05\/24\/ley-bases-kueider-se-opone-a-la-disolucion-de-organismos-vinculados-a-la-ciencia-tecnologia-cultura-y-educacion\/","title":{"rendered":"Ley Bases: Kueider se opone a la disoluci\u00f3n de organismos vinculados a la ciencia, tecnolog\u00eda, cultura y educaci\u00f3n"},"content":{"rendered":"<p style=\"text-align: center;\"><em><strong>El senador nacional por Entre R\u00edos, Edgardo Keuider, particip\u00f3 este jueves de la reuni\u00f3n de comisi\u00f3n en la que se est\u00e1 discutiendo la Ley Bases que ya cuenta con media sanci\u00f3n de la C\u00e1mara de Diputados de la Naci\u00f3n. All\u00ed manifest\u00f3, adem\u00e1s, su desacuerdo con la eliminaci\u00f3n y privatizaci\u00f3n de los medios p\u00fablicos que se propone en la iniciativa<\/strong><\/em><\/p>\n<p>&nbsp;<\/p>\n<p>&nbsp;<\/p>\n<p>La Ley Bases, impulsada por el Ejecutivo nacional, contin\u00faa siendo debatida en Comisiones del Senado en b\u00fasqueda del dictamen y luego de haber recibido la media sanci\u00f3n de la C\u00e1mara de Diputados.<\/p>\n<p>Del debate form\u00f3 parte del senador por Entre R\u00edos, Edgardo Kueider (Unidad Federal), quien manifest\u00f3 la necesidad de \u201celiminar la palabra \u00b4disoluci\u00f3n\u00b4 total o parcial\u201d en el cap\u00edtulo que permite al Poder Ejecutivo la \u201creorganizaci\u00f3n, modificaci\u00f3n o transformaci\u00f3n de la estructura jur\u00eddica\u201d de organismos de la administraci\u00f3n central o descentralizada.<\/p>\n<p>\u201cSi esta propuesta no prospera, solicit\u00e9 en el plenario de comisiones la exclusi\u00f3n de ciertos organismos en dicha lista, especialmente aquellos vinculados a la ciencia, tecnolog\u00eda, cultura y educaci\u00f3n\u201d, plante\u00f3.<\/p>\n<p>En esa l\u00ednea explicit\u00f3 el listado de organismos que el Gobierno nacional no podr\u00e1 disponer su disoluci\u00f3n: Conicet; Anlis; Anmat; INPI; Incaa; Enacom; RTA; ARN; Conae; CNEA; Coneau; CNV; Incucai; BNDG; Conadi; Andis; UIF; Senasa; INTA; INTI; INT; FNA; Inamu; Conabip.<\/p>\n<p>Por \u00faltimo, el legislador nacional manifest\u00f3 su desacuerdo \u201ccon la eliminaci\u00f3n y privatizaci\u00f3n de los medios p\u00fablicos\u201d.<\/p>\n","protected":false},"excerpt":{"rendered":"<p>El senador nacional por Entre R\u00edos, Edgardo Keuider, particip\u00f3 este jueves de la reuni\u00f3n de comisi\u00f3n en la que se est\u00e1 discutiendo la Ley Bases que ya cuenta con media sanci\u00f3n de la C\u00e1mara de Diputados de la Naci\u00f3n. All\u00ed manifest\u00f3, adem\u00e1s, su desacuerdo con la eliminaci\u00f3n y privatizaci\u00f3n de los medios p\u00fablicos que se propone en la iniciativa &nbsp; &nbsp; La Ley Bases, impulsada por el Ejecutivo nacional, contin\u00faa siendo debatida en Comisiones del Senado en b\u00fasqueda del dictamen y luego de haber recibido la media sanci\u00f3n de la&#8230;<\/p>\n","protected":false},"author":3,"featured_media":115005,"comment_status":"closed","ping_status":"closed","sticky":false,"template":"","format":"standard","meta":[],"categories":[15],"tags":[],"_links":{"self":[{"href":"https:\/\/www.actualidadadiario.com\/index.php\/wp-json\/wp\/v2\/posts\/115004"}],"collection":[{"href":"https:\/\/www.actualidadadiario.com\/index.php\/wp-json\/wp\/v2\/posts"}],"about":[{"href":"https:\/\/www.actualidadadiario.com\/index.php\/wp-json\/wp\/v2\/types\/post"}],"author":[{"embeddable":true,"href":"https:\/\/www.actualidadadiario.com\/index.php\/wp-json\/wp\/v2\/users\/3"}],"replies":[{"embeddable":true,"href":"https:\/\/www.actualidadadiario.com\/index.php\/wp-json\/wp\/v2\/comments?post=115004"}],"version-history":[{"count":1,"href":"https:\/\/www.actualidadadiario.com\/index.php\/wp-json\/wp\/v2\/posts\/115004\/revisions"}],"predecessor-version":[{"id":115006,"href":"https:\/\/www.actualidadadiario.com\/index.php\/wp-json\/wp\/v2\/posts\/115004\/revisions\/115006"}],"wp:featuredmedia":[{"embeddable":true,"href":"https:\/\/www.actualidadadiario.com\/index.php\/wp-json\/wp\/v2\/media\/115005"}],"wp:attachment":[{"href":"https:\/\/www.actualidadadiario.com\/index.php\/wp-json\/wp\/v2\/media?parent=115004"}],"wp:term":[{"taxonomy":"category","embeddable":true,"href":"https:\/\/www.actualidadadiario.com\/index.php\/wp-json\/wp\/v2\/categories?post=115004"},{"taxonomy":"post_tag","embeddable":true,"href":"https:\/\/www.actualidadadiario.com\/index.php\/wp-json\/wp\/v2\/tags?post=115004"}],"curies":[{"name":"wp","href":"https:\/\/api.w.org\/{rel}","templated":true}]}}