{"id":115001,"date":"2024-05-24T10:07:25","date_gmt":"2024-05-24T13:07:25","guid":{"rendered":"https:\/\/www.actualidadadiario.com\/?p=115001"},"modified":"2024-05-24T10:07:25","modified_gmt":"2024-05-24T13:07:25","slug":"buscaran-relocalizar-a-las-familias-afectadas-por-las-inundaciones-en-concordia","status":"publish","type":"post","link":"https:\/\/www.actualidadadiario.com\/index.php\/2024\/05\/24\/buscaran-relocalizar-a-las-familias-afectadas-por-las-inundaciones-en-concordia\/","title":{"rendered":"Buscar\u00e1n relocalizar a las familias afectadas por las inundaciones  en Concordia"},"content":{"rendered":"<p style=\"text-align: center;\"><em><strong>&#8220;Contamos con dos proyectos, uno a mediano plazo que tiene que ver con relocalizaci\u00f3n de familias que residen en zonas afectadas, y otro, a largo plazo, con m\u00e1s volumen, donde intervienen en conjunto el gobierno de la provincia de Entre R\u00edos, el IAPV y el Municipio&#8221;, explic\u00f3 el intendente de Concordia, Francisco Azcu\u00e9<\/strong><\/em><\/p>\n<p>&nbsp;<\/p>\n<p>&nbsp;<\/p>\n<p>Este jueves, con la presencia del intendente Francisco Azcu\u00e9 y de la secretaria de Planificaci\u00f3n e Inversi\u00f3n P\u00fablica de la Provincia, Leila Recalde, se llev\u00f3 a cabo la presentaci\u00f3n de dos proyectos tendientes para avanzar en soluciones estructurales que beneficien a las familias afectadas por la inundaci\u00f3n, elaborados por los equipos t\u00e9cnicos del Instituto de Viviendas y Tierras Aut\u00e1rquico Municipal (INVyTAM).<\/p>\n<p>Se trata del &#8220;Plan frente a la Emergencia Habitacional y Ambiental&#8221;, cuyo eje pasa por revitalizar la zona noroeste, con epicentro en el barrio Agua Patito y la puesta en marcha de un proyecto de reasentamiento, que contempla los barrios Nebel, Belgrano Sur y Villa Busti.<\/p>\n<p>&nbsp;<\/p>\n<p><strong>Soluciones de fondo<\/strong><\/p>\n<p>Al respecto, el intendente\u00a0 Azcu\u00e9 explic\u00f3 que mientras se trabaja en la salida a la emergencia actual debido a la creciente del r\u00edo Uruguay, &#8220;contamos con dos proyectos, uno a mediano plazo que tiene que ver con relocalizaci\u00f3n de familias que residen en zonas afectadas, y otro, a largo plazo, con m\u00e1s volumen, donde intervienen en conjunto el gobierno de la provincia de Entre R\u00edos, el IAPV y el Municipio&#8221;.<\/p>\n<p>El objetivo es &#8220;pensar en soluciones de fondo que requieren mucho trabajo e inversi\u00f3n. Estamos saliendo de esta situaci\u00f3n de emergencia, acompa\u00f1ando el retorno de las familias a sus domicilios pero sin dejarnos estar&#8221; y agreg\u00f3 que llevar adelante un proceso de relocalizaci\u00f3n &#8220;no es tan sencillo porque hay que tener en cuenta que hay hijos que tienen que ir a la escuela, padres que tienen que ir a trabajar y esto requiere el desarrollo de una serie de aspectos integrales para alcanzar tal fin&#8221;.<\/p>\n<p>Azcu\u00e9 subray\u00f3 que si bien los proyectos presentados requieren de financiamiento externo_ uno de ellos &#8220;se va a hacer con recursos propios y para eso nosotros vamos a hacer un esfuerzo. Por eso es\u00a0 importante cuidar los recursos p\u00fablicos&#8221;.<\/p>\n<p>Por \u00faltimo, destac\u00f3 el trabajo del equipo t\u00e9cnico del INVyTAM, el cual est\u00e1 conformado por &#8220;gente con mucha experiencia y que han desarrollado proyectos muy importantes como por ejemplo el realizado en el barrio Mujica, en Buenos Aires&#8221;.<\/p>\n<p>Por parte del gobierno provincial estuvo presente la secretaria de Planificaci\u00f3n e Inversi\u00f3n P\u00fablica, Leila Recalde, quien se\u00f1al\u00f3 que se mantiene contacto con la Municipalidad y se tiene conocimiento de lo que sucede en Concordia con respecto a las inundaciones &#8220;y por eso estamos ac\u00e1 para acompa\u00f1ar al Municipio en lo que requiera y llevarnos esta demanda para conseguir financiamiento&#8221;.<\/p>\n<p>Alejandra Bruno, titular del INVyTAM, explic\u00f3 que los dos proyectos presentados tienen diferentes plazos y que fueron elaborados dentro del Plan Integral de Gesti\u00f3n para alcanzar soluciones definitivas &#8220;a una situaci\u00f3n que nos afecta con m\u00e1s frecuencia&#8221;.<\/p>\n<p>&nbsp;<\/p>\n<p>De la presentaci\u00f3n particip\u00f3 el director Regional Salto Grande del Instituto Aut\u00e1rquico de Planeamiento y Vivienda (IAPV), Alfonso S\u00e1 y el secretario de Desarrollo Urbano Alejandro L\u00f3pez.<\/p>\n","protected":false},"excerpt":{"rendered":"<p>&#8220;Contamos con dos proyectos, uno a mediano plazo que tiene que ver con relocalizaci\u00f3n de familias que residen en zonas afectadas, y otro, a largo plazo, con m\u00e1s volumen, donde intervienen en conjunto el gobierno de la provincia de Entre R\u00edos, el IAPV y el Municipio&#8221;, explic\u00f3 el intendente de Concordia, Francisco Azcu\u00e9 &nbsp; &nbsp; Este jueves, con la presencia del intendente Francisco Azcu\u00e9 y de la secretaria de Planificaci\u00f3n e Inversi\u00f3n P\u00fablica de la Provincia, Leila Recalde, se llev\u00f3 a cabo la presentaci\u00f3n de dos proyectos tendientes para avanzar&#8230;<\/p>\n","protected":false},"author":3,"featured_media":115002,"comment_status":"closed","ping_status":"closed","sticky":false,"template":"","format":"standard","meta":[],"categories":[9],"tags":[],"_links":{"self":[{"href":"https:\/\/www.actualidadadiario.com\/index.php\/wp-json\/wp\/v2\/posts\/115001"}],"collection":[{"href":"https:\/\/www.actualidadadiario.com\/index.php\/wp-json\/wp\/v2\/posts"}],"about":[{"href":"https:\/\/www.actualidadadiario.com\/index.php\/wp-json\/wp\/v2\/types\/post"}],"author":[{"embeddable":true,"href":"https:\/\/www.actualidadadiario.com\/index.php\/wp-json\/wp\/v2\/users\/3"}],"replies":[{"embeddable":true,"href":"https:\/\/www.actualidadadiario.com\/index.php\/wp-json\/wp\/v2\/comments?post=115001"}],"version-history":[{"count":1,"href":"https:\/\/www.actualidadadiario.com\/index.php\/wp-json\/wp\/v2\/posts\/115001\/revisions"}],"predecessor-version":[{"id":115003,"href":"https:\/\/www.actualidadadiario.com\/index.php\/wp-json\/wp\/v2\/posts\/115001\/revisions\/115003"}],"wp:featuredmedia":[{"embeddable":true,"href":"https:\/\/www.actualidadadiario.com\/index.php\/wp-json\/wp\/v2\/media\/115002"}],"wp:attachment":[{"href":"https:\/\/www.actualidadadiario.com\/index.php\/wp-json\/wp\/v2\/media?parent=115001"}],"wp:term":[{"taxonomy":"category","embeddable":true,"href":"https:\/\/www.actualidadadiario.com\/index.php\/wp-json\/wp\/v2\/categories?post=115001"},{"taxonomy":"post_tag","embeddable":true,"href":"https:\/\/www.actualidadadiario.com\/index.php\/wp-json\/wp\/v2\/tags?post=115001"}],"curies":[{"name":"wp","href":"https:\/\/api.w.org\/{rel}","templated":true}]}}