{"id":115,"date":"2016-08-11T10:14:02","date_gmt":"2016-08-11T13:14:02","guid":{"rendered":"http:\/\/actualidadadiario.com\/site\/?p=115"},"modified":"2016-08-22T10:17:21","modified_gmt":"2016-08-22T13:17:21","slug":"cresto-y-francolini-mas-viviendas-para-concordia-y-un-fuerte-mensaje-contra-las-usurpaciones","status":"publish","type":"post","link":"https:\/\/www.actualidadadiario.com\/index.php\/2016\/08\/11\/cresto-y-francolini-mas-viviendas-para-concordia-y-un-fuerte-mensaje-contra-las-usurpaciones\/","title":{"rendered":"Cresto y Francolini: m\u00e1s viviendas para Concordia y un fuerte mensaje contra las usurpaciones"},"content":{"rendered":"<p style=\"line-height: 15.0pt; background: white; margin: 0cm 0cm 7.5pt 0cm;\"><em><strong><span style=\"font-size: 10.5pt; font-family: 'Helvetica','sans-serif';\">&#8220;Estuvimos hablando con el gobernador Gustavo Bordet y con Francolini y queremos desde el Instituto Municipal de Tierras y Viviendas replicar lo que vienen haciendo desde el IAPV, que han logrado dinamizar la ejecuci\u00f3n de programas de viviendas y progresivamente recuperar gran parte de la inversi\u00f3n en obras, algo que hist\u00f3ricamente no pasaba&#8221;, destac\u00f3 el presidente municipal. &#8220;Eso hace que se conforme un c\u00edrculo virtuoso para construir m\u00e1s viviendas y nosotros somos los m\u00e1s interesados en que esto pueda consolidarse en el tiempo&#8221;, valor\u00f3.<\/span><\/strong><\/em><\/p>\n<p style=\"line-height: 15.0pt; background: white; margin: 0cm 0cm 7.5pt 0cm;\"><span style=\"font-size: 10.5pt; font-family: 'Helvetica','sans-serif';\">\u00a0<\/span><\/p>\n<p style=\"line-height: 15.0pt; background: white; margin: 0cm 0cm 7.5pt 0cm;\"><span style=\"font-size: 10.5pt; font-family: 'Helvetica','sans-serif';\">\u00a0<\/span><\/p>\n<p style=\"line-height: 15.0pt; background: white; margin: 0cm 0cm 7.5pt 0cm;\"><span style=\"font-size: 10.5pt; font-family: 'Helvetica','sans-serif';\"><br \/>\n<br style=\"box-sizing: border-box;\" \/> Francolini, por su parte, explic\u00f3 que &#8220;es muy importante la inversi\u00f3n que hace la Provincia, y en muchos programas tambi\u00e9n vienen fondos de Naci\u00f3n, pero si no logramos el compromiso de todos los beneficiarios de pagar su cuota como corresponde se dificulta el funcionamiento del IAPV, perjudicando a quien hoy no tiene su vivienda propia&#8221;. El sistema de construcci\u00f3n del Instituto Aut\u00e1rquico Provincial de la Vivienda &#8220;es un sistema solidario, pagamos entre todos las viviendas para seguir haciendo m\u00e1s&#8221;, subray\u00f3.<\/span><\/p>\n<p style=\"line-height: 15.0pt; background: white; margin: 0cm 0cm 7.5pt 0cm;\"><span style=\"font-size: 10.5pt; font-family: 'Helvetica','sans-serif';\">\u00a0<\/span><\/p>\n<p style=\"line-height: 15.0pt; background: white; margin: 0cm 0cm 7.5pt 0cm;\"><span style=\"font-size: 10.5pt; font-family: 'Helvetica','sans-serif';\"><br \/>\n<br style=\"box-sizing: border-box;\" \/> <strong style=\"box-sizing: border-box;\"><span style=\"font-family: 'Helvetica','sans-serif';\">Firmeza contra las usurpaciones<\/span><\/strong><br style=\"box-sizing: border-box;\" \/> \u00a0<br style=\"box-sizing: border-box;\" \/> &#8220;Tenemos una ordenanza que establece un registro de personas que usurpan viviendas o terrenos y es una herramienta que pusimos a disposici\u00f3n de la Justicia para combatir las irregularidades&#8221;, dijo Cresto. En este sentido, precis\u00f3 que aquella persona que se apropia ilegalmente de un inmueble \u201cqueda registrado y por seis a\u00f1os esa persona y sus familiares directos quedan imposibilitados de recibir ning\u00fan programa de vivienda, ni municipal ni provincial&#8221;.<br style=\"box-sizing: border-box;\" \/> \u00a0<br style=\"box-sizing: border-box;\" \/> Hay que &#8220;respetar el derecho a la propiedad y tambi\u00e9n respetar a los ciudadanos que se anotan en el IAPV y esperan un sorteo, y a quienes pagan su cuota, o a quienes acceden a los programas de autoconstrucci\u00f3n, con mucho esfuerzo. No vamos a tolerar las usurpaciones&#8221;, dijo el intendente, \u201ctiene que valorarse el esfuerzo de quienes hacen las cosas bien y como corresponde, por eso somos inflexibles con el registro de usurpantes&#8221;, explic\u00f3.<\/span><\/p>\n<p style=\"line-height: 15.0pt; background: white; margin: 0cm 0cm 7.5pt 0cm;\"><span style=\"font-size: 10.5pt; font-family: 'Helvetica','sans-serif';\">\u00a0<\/span><\/p>\n<p style=\"line-height: 15.0pt; background: white; margin: 0cm 0cm 7.5pt 0cm;\"><span style=\"font-size: 10.5pt; font-family: 'Helvetica','sans-serif';\">\u00a0<\/span><\/p>\n<p style=\"line-height: 15.0pt; background: white; box-sizing: border-box; font-variant-ligatures: normal; font-variant-caps: normal; orphans: 2; widows: 2; -webkit-text-stroke-width: 0px; word-spacing: 0px; margin: 0cm 0cm 7.5pt 0cm;\"><strong style=\"box-sizing: border-box;\"><span style=\"font-size: 10.5pt; font-family: 'Helvetica','sans-serif';\">1800 viviendas en 6 meses<\/span><\/strong><span style=\"font-size: 10.5pt; font-family: 'Helvetica','sans-serif';\"><br style=\"box-sizing: border-box;\" \/> \u00a0<br style=\"box-sizing: border-box;\" \/> &#8220;En los pr\u00f3ximos seis meses van a ser entregadas alrededor de 1800 viviendas en nuestra ciudad, que para el d\u00e9ficit habitacional de Concordia es un n\u00famero muy importante&#8221;, consign\u00f3 el intendente. &#8220;Esto es un compromiso muy fuerte del gobernador Bordet para Concordia&#8221;, agreg\u00f3.<\/span><\/p>\n<p style=\"line-height: 15.0pt; background: white; box-sizing: border-box; font-variant-ligatures: normal; font-variant-caps: normal; orphans: 2; widows: 2; -webkit-text-stroke-width: 0px; word-spacing: 0px; margin: 0cm 0cm 7.5pt 0cm;\"><span style=\"font-size: 10.5pt; font-family: 'Helvetica','sans-serif';\">&#8220;Hay 878 viviendas actualmente en construcci\u00f3n en Concordia por parte del IAPV&#8221;, precis\u00f3 Francolini, de las cuales la mitad corresponden a &#8220;demanda libre&#8221;. Al respecto, el funcionario provincial reiter\u00f3 que \u201cen esta modalidad hay tiempo de inscripci\u00f3n hasta el 31 de agosto, para luego poder ser parte de los sorteos a trav\u00e9s del IAFAS. A este n\u00famero se suman otros tantos complejos habitacionales que corresponden a sindicatos y cooperativas de viviendas, totalizando &#8220;1800 viviendas que ir\u00e1n siendo entregadas en los pr\u00f3ximos meses\u201d, detall\u00f3.<\/span><\/p>\n<p style=\"line-height: 15.0pt; background: white; box-sizing: border-box; font-variant-ligatures: normal; font-variant-caps: normal; orphans: 2; widows: 2; -webkit-text-stroke-width: 0px; word-spacing: 0px; margin: 0cm 0cm 7.5pt 0cm;\"><span style=\"font-size: 10.5pt; font-family: 'Helvetica','sans-serif';\">Francolini tambi\u00e9n anunci\u00f3 que \u201cvamos a firmar nuevos convenios con el municipio, seg\u00fan lo que acordamos con el Intendente, para continuar con la cesi\u00f3n de los terrenos y as\u00ed poder dar respuesta a esta demanda que es muy importante para los concordienses&#8221;.<\/span><\/p>\n<p style=\"line-height: 15.0pt; background: white; margin: 0cm 0cm 7.5pt 0cm;\"><span style=\"font-size: 10.5pt; font-family: 'Helvetica','sans-serif';\">\u00a0<\/span><\/p>\n<p style=\"line-height: 15.0pt; background: white; margin: 0cm 0cm 7.5pt 0cm;\"><span style=\"font-size: 10.5pt; font-family: 'Helvetica','sans-serif';\"><br \/>\n<br style=\"box-sizing: border-box;\" \/> <strong style=\"box-sizing: border-box;\"><span style=\"font-family: 'Helvetica','sans-serif';\">D\u00e9ficit habitacional: eje de la gesti\u00f3n municipal<\/span><\/strong><br style=\"box-sizing: border-box;\" \/> \u00a0<br style=\"box-sizing: border-box;\" \/> En la recorrida de obras, Cresto y los funcionarios del Instituto Municipal de Vivienda le ofrecieron a Francolini un detallado panorama de situaci\u00f3n respecto a los principales programas habitacionales en los que se trabaja desde el municipio y los v\u00ednculos establecidos con la intendencia de Salto (Uruguay), respecto al modelo de construcci\u00f3n de vivienda social de madera que implementan en la vecina ciudad.<br style=\"box-sizing: border-box;\" \/> \u00a0<br style=\"box-sizing: border-box;\" \/> &#8220;En Concordia tenemos aproximadamente un d\u00e9ficit de 15 mil viviendas, es un n\u00famero muy grande de familias que necesitan una casa propia. Nuestro objetivo es reducir ese n\u00famero en lo m\u00e1ximo posible para el final de nuestra gesti\u00f3n, pero tambi\u00e9n dejar las bases s\u00f3lidas de un programa que permita continuar avanzando en ese camino&#8221;, indic\u00f3 Cresto, \u201cno tenemos dudas que con planificaci\u00f3n y objetivos claros el d\u00e9ficit habitacional va a ir bajando, en este trabajo en conjunto que llevamos adelante con el gobernador Gustavo Bordet, con el IAPV y tambi\u00e9n con Naci\u00f3n&#8221;, sostuvo el presidente municipal.<br style=\"box-sizing: border-box;\" \/> \u00a0<br style=\"box-sizing: border-box;\" \/> En la provincia de Entre R\u00edos la situaci\u00f3n es similar. Francolini precis\u00f3 que &#8220;hoy tenemos en la provincia, seg\u00fan el registro del IAPV, es decir, las familias que est\u00e1n inscriptas en el IAPV a la espera de una casa, son 35 mil familias&#8221;, a lo que hay que sumar el n\u00famero de familias que no se han registrado en el organismo provincial.<\/span><\/p>\n<p style=\"line-height: 15.0pt; background: white; box-sizing: border-box; font-variant-ligatures: normal; font-variant-caps: normal; orphans: 2; widows: 2; -webkit-text-stroke-width: 0px; word-spacing: 0px; margin: 0cm 0cm 7.5pt 0cm;\"><span style=\"font-size: 10.5pt; font-family: 'Helvetica','sans-serif';\">Ante este panorama, desde el municipio se impulsar\u00e1 &#8220;un registro \u00fanico, cruzando las bases de datos de la Municipalidad y de la Provincia, para depurar padrones, pero tambi\u00e9n para tener datos certeros de la situaci\u00f3n de cada familia&#8221;, adelant\u00f3 Cresto. &#8220;Estamos trabajando en viviendas para todos los sectores y poniendo especial atenci\u00f3n en la demanda social de viviendas y en las viviendas para los j\u00f3venes&#8221;, concluy\u00f3.<\/span><\/p>\n","protected":false},"excerpt":{"rendered":"<p>&#8220;Estuvimos hablando con el gobernador Gustavo Bordet y con Francolini y queremos desde el Instituto Municipal de Tierras y Viviendas replicar lo que vienen haciendo desde el IAPV, que han logrado dinamizar la ejecuci\u00f3n de programas de viviendas y progresivamente recuperar gran parte de la inversi\u00f3n en obras, algo que hist\u00f3ricamente no pasaba&#8221;, destac\u00f3 el presidente municipal. &#8220;Eso hace que se conforme un c\u00edrculo virtuoso para construir m\u00e1s viviendas y nosotros somos los m\u00e1s interesados en que esto pueda consolidarse en el tiempo&#8221;, valor\u00f3. \u00a0 \u00a0 Francolini, por su parte,&#8230;<\/p>\n","protected":false},"author":3,"featured_media":116,"comment_status":"closed","ping_status":"open","sticky":false,"template":"","format":"standard","meta":[],"categories":[15],"tags":[14],"_links":{"self":[{"href":"https:\/\/www.actualidadadiario.com\/index.php\/wp-json\/wp\/v2\/posts\/115"}],"collection":[{"href":"https:\/\/www.actualidadadiario.com\/index.php\/wp-json\/wp\/v2\/posts"}],"about":[{"href":"https:\/\/www.actualidadadiario.com\/index.php\/wp-json\/wp\/v2\/types\/post"}],"author":[{"embeddable":true,"href":"https:\/\/www.actualidadadiario.com\/index.php\/wp-json\/wp\/v2\/users\/3"}],"replies":[{"embeddable":true,"href":"https:\/\/www.actualidadadiario.com\/index.php\/wp-json\/wp\/v2\/comments?post=115"}],"version-history":[{"count":2,"href":"https:\/\/www.actualidadadiario.com\/index.php\/wp-json\/wp\/v2\/posts\/115\/revisions"}],"predecessor-version":[{"id":118,"href":"https:\/\/www.actualidadadiario.com\/index.php\/wp-json\/wp\/v2\/posts\/115\/revisions\/118"}],"wp:featuredmedia":[{"embeddable":true,"href":"https:\/\/www.actualidadadiario.com\/index.php\/wp-json\/wp\/v2\/media\/116"}],"wp:attachment":[{"href":"https:\/\/www.actualidadadiario.com\/index.php\/wp-json\/wp\/v2\/media?parent=115"}],"wp:term":[{"taxonomy":"category","embeddable":true,"href":"https:\/\/www.actualidadadiario.com\/index.php\/wp-json\/wp\/v2\/categories?post=115"},{"taxonomy":"post_tag","embeddable":true,"href":"https:\/\/www.actualidadadiario.com\/index.php\/wp-json\/wp\/v2\/tags?post=115"}],"curies":[{"name":"wp","href":"https:\/\/api.w.org\/{rel}","templated":true}]}}